{"id":2557,"date":"2023-03-03T23:51:45","date_gmt":"2023-03-04T02:51:45","guid":{"rendered":"https:\/\/isfd816-chu.infd.edu.ar\/sitio\/?p=2557"},"modified":"2023-03-03T23:51:46","modified_gmt":"2023-03-04T02:51:46","slug":"llamado-uc-prof-tecnologia-5","status":"publish","type":"post","link":"https:\/\/isfd816-chu.infd.edu.ar\/sitio\/llamado-uc-prof-tecnologia-5\/","title":{"rendered":"Llamado UC (Prof. Tecnolog\u00eda)"},"content":{"rendered":"\n<p>La Direcci\u00f3n del Instituto de Educaci\u00f3n Superior N\u00b0 816 de la ciudad de Rawson hace el llamado abierto y p\u00fablico para la cobertura de la siguientes Unidades Curriculares:Profesorado de Educaci\u00f3n Tecnol\u00f3gica:<\/p>\n\n\n\n<p><div>1\u00ba A\u00f1o. <\/div><\/p>\n\n\n\n<p>Estudio sobre la filosof\u00eda de la T\u00e9cnica y la Tecnolog\u00eda. Asignatura. Anual. 3 horas. Suplente. Perfil docente: Profesor\/a u otro\/a profesional del campo de las Humanidades y\/o Ciencias Sociales con formaci\u00f3n y\/o experiencia en el campo disciplinar de la Filosof\u00eda de la T\u00e9cnica y la Tecnolog\u00eda.<\/p>\n\n\n\n<p>1\u00ba A\u00f1o. <\/p>\n\n\n\n<p>Historia de la Tecnolog\u00eda. Asignatura. <div>1\u00b0 cuatrimestre. 4hs. C\u00e1tedra. Suplente. Perfil docente: 1) Profesor\/a de Educaci\u00f3n Tecnol\u00f3gica \/ Tecnolog\u00eda. 2) Profesor\/a en Historia u otro\/a  profesional con formaci\u00f3n y\/o experiencia en el campo disciplinar de la Historia de la Tecnolog\u00eda.Se deber\u00e1 presentar en cada caso nota de adhesi\u00f3n al proyecto, y CV con formato que figura en la web (EXCLUYENTE) Declaraci\u00f3n jurada de cargos y documentaci\u00f3n respaldatoria, si no consta en el legajo institucional. Finalizaci\u00f3n del llamado: martes 7 de marzo. Presentar en Administraci\u00f3n, Federicci y Vuelta de Obligado, Escuela 7705, de 19:00 hs a 21:00hs.Consultar Dise\u00f1os curriculares, modelos de presentaci\u00f3n de CV y grilla tipo, en la p\u00e1gina web: isfd816-chu.infd.edu.ar<\/div><\/p>\n","protected":false},"excerpt":{"rendered":"<p>La Direcci\u00f3n del Instituto de Educaci\u00f3n Superior N\u00b0 816 de la ciudad de Rawson hace el llamado abierto y p\u00fablico para la cobertura de la siguientes Unidades Curriculares:Profesorado de Educaci\u00f3n Tecnol\u00f3gica: 1\u00ba A\u00f1o. Estudio sobre la filosof\u00eda de la T\u00e9cnica y la Tecnolog\u00eda. Asignatura. Anual. 3 horas. Suplente. Perfil docente: Profesor\/a u otro\/a profesional del &#8230; <a title=\"Llamado UC (Prof. Tecnolog\u00eda)\" class=\"read-more\" href=\"https:\/\/isfd816-chu.infd.edu.ar\/sitio\/llamado-uc-prof-tecnologia-5\/\" aria-label=\"More on Llamado UC (Prof. Tecnolog\u00eda)\">[+]<\/a><\/p>\n","protected":false},"author":9,"featured_media":1060,"comment_status":"open","ping_status":"open","sticky":false,"template":"","format":"standard","meta":[],"categories":[17,16],"tags":[9,20],"acf":[],"_links":{"self":[{"href":"https:\/\/isfd816-chu.infd.edu.ar\/sitio\/wp-json\/wp\/v2\/posts\/2557"}],"collection":[{"href":"https:\/\/isfd816-chu.infd.edu.ar\/sitio\/wp-json\/wp\/v2\/posts"}],"about":[{"href":"https:\/\/isfd816-chu.infd.edu.ar\/sitio\/wp-json\/wp\/v2\/types\/post"}],"author":[{"embeddable":true,"href":"https:\/\/isfd816-chu.infd.edu.ar\/sitio\/wp-json\/wp\/v2\/users\/9"}],"replies":[{"embeddable":true,"href":"https:\/\/isfd816-chu.infd.edu.ar\/sitio\/wp-json\/wp\/v2\/comments?post=2557"}],"version-history":[{"count":1,"href":"https:\/\/isfd816-chu.infd.edu.ar\/sitio\/wp-json\/wp\/v2\/posts\/2557\/revisions"}],"predecessor-version":[{"id":2558,"href":"https:\/\/isfd816-chu.infd.edu.ar\/sitio\/wp-json\/wp\/v2\/posts\/2557\/revisions\/2558"}],"wp:featuredmedia":[{"embeddable":true,"href":"https:\/\/isfd816-chu.infd.edu.ar\/sitio\/wp-json\/wp\/v2\/media\/1060"}],"wp:attachment":[{"href":"https:\/\/isfd816-chu.infd.edu.ar\/sitio\/wp-json\/wp\/v2\/media?parent=2557"}],"wp:term":[{"taxonomy":"category","embeddable":true,"href":"https:\/\/isfd816-chu.infd.edu.ar\/sitio\/wp-json\/wp\/v2\/categories?post=2557"},{"taxonomy":"post_tag","embeddable":true,"href":"https:\/\/isfd816-chu.infd.edu.ar\/sitio\/wp-json\/wp\/v2\/tags?post=2557"}],"curies":[{"name":"wp","href":"https:\/\/api.w.org\/{rel}","templated":true}]}}