{"id":2561,"date":"2023-03-07T10:28:00","date_gmt":"2023-03-07T13:28:00","guid":{"rendered":"https:\/\/isfd816-chu.infd.edu.ar\/sitio\/?p=2561"},"modified":"2023-03-07T14:30:27","modified_gmt":"2023-03-07T17:30:27","slug":"llamado-uc-tec-adm-publica-3","status":"publish","type":"post","link":"https:\/\/isfd816-chu.infd.edu.ar\/sitio\/llamado-uc-tec-adm-publica-3\/","title":{"rendered":"Llamado UC (Tec. Adm. p\u00fablica)"},"content":{"rendered":"\n<p>La Direcci\u00f3n del Instituto de Educaci\u00f3n Superior N\u00b0 816 de la ciudad de Rawson hace el llamado abierto y p\u00fablico para la cobertura de las siguientes Unidades Curriculares:<\/p>\n\n\n\n<p><strong>Tecnicatura en administraci\u00f3n publica con orientaci\u00f3n en desarrollo local:<\/strong><\/p>\n\n\n\n<p><strong>1\u00b0 a\u00f1o<\/strong>. MATEM\u00c1TICA B\u00c1SICA. Taller. Anual. Suplencia. 5 horas catedra. Perfil docente: Profesor o Licenciado en Matem\u00e1tica. Profesional con t\u00edtulo habilitante, preferentemente con experiencia en la administraci\u00f3n p\u00fablica.<\/p>\n\n\n\n<p>Se deber\u00e1 presentar nota de adhesi\u00f3n al proyecto, y CV con formato que figura en la web (EXCLUYENTE) Declaraci\u00f3n jurada de cargos y documentaci\u00f3n respaldatoria, si no consta en el legajo institucional.<\/p>\n\n\n\n<p><strong>2\u00b0 a\u00f1o<\/strong>. ECONOM\u00cdA LOCAL, REGIONAL Y GLOBAL. Asignatura. Anual. Interino. 5 horas catedra. Perfil docente: Licenciado en ciencias econ\u00f3micas. Profesional con t\u00edtulo habilitante, preferentemente con experiencia en la administraci\u00f3n p\u00fablica.<\/p>\n\n\n\n<p>&nbsp;Se deber\u00e1 presentar Proyecto en cada caso sobre cerrado, Proyecto firmado con un seud\u00f3nimo. En el exterior se colocar\u00e1 seud\u00f3nimo y la Unidad Curricular a la cual se presenta, adem\u00e1s, abrochado, un sobre con el mismo seud\u00f3nimo que adentro contendr\u00e1 DNI, CV con el formato que figura en la web (excluyente), certificaci\u00f3n de servicios y documentaci\u00f3n respaldatoria (si no consta en el legajo que obra en la instituci\u00f3n).<\/p>\n\n\n\n<p>&nbsp;Finalizaci\u00f3n del llamado: Viernes 10 de marzo. Presentar en Administraci\u00f3n, Federicci y Vuelta de Obligado, Escuela 7705, de 19:00 hs a 21:00hs.<\/p>\n\n\n\n<p>&nbsp;Consultar Dise\u00f1os curriculares, modelos de presentaci\u00f3n de CV y grilla tipo, en la p\u00e1gina web:&nbsp;<a href=\"http:\/\/isfd816-chu.infd.edu.ar\/\" target=\"_blank\" rel=\"noreferrer noopener\">isfd816-chu.infd.edu.ar<\/a><\/p>\n","protected":false},"excerpt":{"rendered":"<p>La Direcci\u00f3n del Instituto de Educaci\u00f3n Superior N\u00b0 816 de la ciudad de Rawson hace el llamado abierto y p\u00fablico para la cobertura de las siguientes Unidades Curriculares: Tecnicatura en administraci\u00f3n publica con orientaci\u00f3n en desarrollo local: 1\u00b0 a\u00f1o. MATEM\u00c1TICA B\u00c1SICA. Taller. Anual. Suplencia. 5 horas catedra. Perfil docente: Profesor o Licenciado en Matem\u00e1tica. Profesional &#8230; <a title=\"Llamado UC (Tec. Adm. p\u00fablica)\" class=\"read-more\" href=\"https:\/\/isfd816-chu.infd.edu.ar\/sitio\/llamado-uc-tec-adm-publica-3\/\" aria-label=\"More on Llamado UC (Tec. Adm. p\u00fablica)\">[+]<\/a><\/p>\n","protected":false},"author":9,"featured_media":1060,"comment_status":"open","ping_status":"open","sticky":false,"template":"","format":"standard","meta":[],"categories":[17,16,39],"tags":[9],"acf":[],"_links":{"self":[{"href":"https:\/\/isfd816-chu.infd.edu.ar\/sitio\/wp-json\/wp\/v2\/posts\/2561"}],"collection":[{"href":"https:\/\/isfd816-chu.infd.edu.ar\/sitio\/wp-json\/wp\/v2\/posts"}],"about":[{"href":"https:\/\/isfd816-chu.infd.edu.ar\/sitio\/wp-json\/wp\/v2\/types\/post"}],"author":[{"embeddable":true,"href":"https:\/\/isfd816-chu.infd.edu.ar\/sitio\/wp-json\/wp\/v2\/users\/9"}],"replies":[{"embeddable":true,"href":"https:\/\/isfd816-chu.infd.edu.ar\/sitio\/wp-json\/wp\/v2\/comments?post=2561"}],"version-history":[{"count":1,"href":"https:\/\/isfd816-chu.infd.edu.ar\/sitio\/wp-json\/wp\/v2\/posts\/2561\/revisions"}],"predecessor-version":[{"id":2562,"href":"https:\/\/isfd816-chu.infd.edu.ar\/sitio\/wp-json\/wp\/v2\/posts\/2561\/revisions\/2562"}],"wp:featuredmedia":[{"embeddable":true,"href":"https:\/\/isfd816-chu.infd.edu.ar\/sitio\/wp-json\/wp\/v2\/media\/1060"}],"wp:attachment":[{"href":"https:\/\/isfd816-chu.infd.edu.ar\/sitio\/wp-json\/wp\/v2\/media?parent=2561"}],"wp:term":[{"taxonomy":"category","embeddable":true,"href":"https:\/\/isfd816-chu.infd.edu.ar\/sitio\/wp-json\/wp\/v2\/categories?post=2561"},{"taxonomy":"post_tag","embeddable":true,"href":"https:\/\/isfd816-chu.infd.edu.ar\/sitio\/wp-json\/wp\/v2\/tags?post=2561"}],"curies":[{"name":"wp","href":"https:\/\/api.w.org\/{rel}","templated":true}]}}