{"id":2582,"date":"2023-03-08T22:53:04","date_gmt":"2023-03-09T01:53:04","guid":{"rendered":"https:\/\/isfd816-chu.infd.edu.ar\/sitio\/?p=2582"},"modified":"2023-03-08T22:53:05","modified_gmt":"2023-03-09T01:53:05","slug":"llamado-uc-tec-adm-publica-4","status":"publish","type":"post","link":"https:\/\/isfd816-chu.infd.edu.ar\/sitio\/llamado-uc-tec-adm-publica-4\/","title":{"rendered":"Llamado UC (Tec. Adm. p\u00fablica)"},"content":{"rendered":"\n<p>La Direcci\u00f3n del Instituto de Educaci\u00f3n Superior N\u00b0 816 de la ciudad de Rawson hace el llamado abierto y p\u00fablico para la cobertura de las siguientes Unidades Curriculares:<\/p>\n\n\n\n<p><br><strong>TECNICATURA EN ADMINISTRACI\u00d3N PUBLICA Y DESARROLLO LOCAL<\/strong><\/p>\n\n\n\n<p><br><strong><em>3\u00b0 a\u00f1o. <\/em><\/strong><\/p>\n\n\n\n<p>GESTION PUBLICA. Taller. Anual. Interino. 4 hs. Catedra. Perfil docente: Profesor o Licenciado en Econom\u00eda, Licenciado en administraci\u00f3n, Licenciado en Ciencias Pol\u00edticas, o profesional con t\u00edtulo habilitante preferentemente con experiencia en administraci\u00f3n p\u00fablica.<\/p>\n\n\n\n<p><br>3\u00b0 a\u00f1o. <\/p>\n\n\n\n<p>ADMINISTRACI\u00d3N FINANCIERA Y PRESUPUESTARIA DEL SECTOR P\u00daBLICO. Taller. Anual. Interino. 4 hs. Catedra. Perfil docente: Profesor o Licenciado en Econom\u00eda, Licenciado en administraci\u00f3n, Contador p\u00fablico, o profesional con t\u00edtulo habilitante preferentemente con experiencia en administraci\u00f3n p\u00fablica.<br>Se deber\u00e1 presentar Proyecto en cada caso en sobre cerrado, Proyecto firmado con un seud\u00f3nimo. En el exterior se colocar\u00e1 seud\u00f3nimo y la Unidad Curricular a la cual se presenta, adem\u00e1s, abrochado, un sobre con el mismo seud\u00f3nimo que adentro contendr\u00e1 DNI, CV con el formato que figura en la web (excluyente), certificaci\u00f3n de servicios y documentaci\u00f3n respaldatoria (si no consta en el legajo que obra en la instituci\u00f3n).<\/p>\n\n\n\n<p><br><strong>Finalizaci\u00f3n del llamado: 13 de marzo de 2023.<\/strong><\/p>\n\n\n\n<p><br>Presentar en Administraci\u00f3n, Federicci y Vuelta de Obligado, Escuela 7705, de 18:30 hs a 21:00hs.<br>Consultar Dise\u00f1os curriculares, modelos de presentaci\u00f3n de CV y grilla tipo, en la p\u00e1gina web: isfd816-chu.infd.edu.ar<\/p>\n","protected":false},"excerpt":{"rendered":"<p>La Direcci\u00f3n del Instituto de Educaci\u00f3n Superior N\u00b0 816 de la ciudad de Rawson hace el llamado abierto y p\u00fablico para la cobertura de las siguientes Unidades Curriculares: TECNICATURA EN ADMINISTRACI\u00d3N PUBLICA Y DESARROLLO LOCAL 3\u00b0 a\u00f1o. GESTION PUBLICA. Taller. Anual. Interino. 4 hs. Catedra. Perfil docente: Profesor o Licenciado en Econom\u00eda, Licenciado en administraci\u00f3n, &#8230; <a title=\"Llamado UC (Tec. Adm. p\u00fablica)\" class=\"read-more\" href=\"https:\/\/isfd816-chu.infd.edu.ar\/sitio\/llamado-uc-tec-adm-publica-4\/\" aria-label=\"More on Llamado UC (Tec. Adm. p\u00fablica)\">[+]<\/a><\/p>\n","protected":false},"author":9,"featured_media":1061,"comment_status":"open","ping_status":"open","sticky":false,"template":"","format":"standard","meta":[],"categories":[17,16,39],"tags":[9,90],"acf":[],"_links":{"self":[{"href":"https:\/\/isfd816-chu.infd.edu.ar\/sitio\/wp-json\/wp\/v2\/posts\/2582"}],"collection":[{"href":"https:\/\/isfd816-chu.infd.edu.ar\/sitio\/wp-json\/wp\/v2\/posts"}],"about":[{"href":"https:\/\/isfd816-chu.infd.edu.ar\/sitio\/wp-json\/wp\/v2\/types\/post"}],"author":[{"embeddable":true,"href":"https:\/\/isfd816-chu.infd.edu.ar\/sitio\/wp-json\/wp\/v2\/users\/9"}],"replies":[{"embeddable":true,"href":"https:\/\/isfd816-chu.infd.edu.ar\/sitio\/wp-json\/wp\/v2\/comments?post=2582"}],"version-history":[{"count":1,"href":"https:\/\/isfd816-chu.infd.edu.ar\/sitio\/wp-json\/wp\/v2\/posts\/2582\/revisions"}],"predecessor-version":[{"id":2583,"href":"https:\/\/isfd816-chu.infd.edu.ar\/sitio\/wp-json\/wp\/v2\/posts\/2582\/revisions\/2583"}],"wp:featuredmedia":[{"embeddable":true,"href":"https:\/\/isfd816-chu.infd.edu.ar\/sitio\/wp-json\/wp\/v2\/media\/1061"}],"wp:attachment":[{"href":"https:\/\/isfd816-chu.infd.edu.ar\/sitio\/wp-json\/wp\/v2\/media?parent=2582"}],"wp:term":[{"taxonomy":"category","embeddable":true,"href":"https:\/\/isfd816-chu.infd.edu.ar\/sitio\/wp-json\/wp\/v2\/categories?post=2582"},{"taxonomy":"post_tag","embeddable":true,"href":"https:\/\/isfd816-chu.infd.edu.ar\/sitio\/wp-json\/wp\/v2\/tags?post=2582"}],"curies":[{"name":"wp","href":"https:\/\/api.w.org\/{rel}","templated":true}]}}