{"id":2586,"date":"2023-03-11T18:16:25","date_gmt":"2023-03-11T21:16:25","guid":{"rendered":"https:\/\/isfd816-chu.infd.edu.ar\/sitio\/?p=2586"},"modified":"2023-03-11T18:16:27","modified_gmt":"2023-03-11T21:16:27","slug":"llamado-uc-prof-economia-10","status":"publish","type":"post","link":"https:\/\/isfd816-chu.infd.edu.ar\/sitio\/llamado-uc-prof-economia-10\/","title":{"rendered":"Llamado UC (Prof. Econom\u00eda)"},"content":{"rendered":"\n<p>La Direcci\u00f3n del Instituto de Educaci\u00f3n Superior N\u00b0 816 de la ciudad de Rawson hace el llamado abierto y p\u00fablico para la cobertura de las siguientes Unidades Curriculares:<\/p>\n\n\n\n<p><strong>PROFESORADO DE EDUCACION SECUNDARIA EN ECONOMIA<\/strong><\/p>\n\n\n\n<p>1\u00b0 a\u00f1o. INTRODUCCION AL DERECHO. Asignatura. Anual. Distribuci\u00f3n de la carga horaria: 3hs. C\u00e1tedra frente a estudiantes: s\u00e1bados de 8:30 a 10:30h.&nbsp; M\u00e1s una hora de gesti\u00f3n curricular.&nbsp; Perfil docente: Profesor\/a en Ciencias Jur\u00eddicas o Abogado\/a. Se sugiere priorizar el conocimiento y la experiencia en el Nivel Secundario.<\/p>\n\n\n\n<p>2\u00b0 a\u00f1o. DERECHO CONSTITUCIONAL Y ADMINISTRATIVO. Asignatura. Anual. Distribuci\u00f3n de la carga horaria: 3hs. c\u00e1tedra frente a estudiantes: martes de 20:30h a 22:30h.&nbsp; M\u00e1s una hora de gesti\u00f3n curricular. Perfil docente: Profesor\/a en Ciencias Jur\u00eddicas o Abogado\/a. Se sugiere priorizar el conocimiento y la experiencia en el Nivel Secundario.<\/p>\n\n\n\n<p>3\u00b0 a\u00f1o. DERECHO COMERCIAL. Asignatura. Anual. Distribuci\u00f3n de la carga horaria: 3hs. c\u00e1tedra frente a estudiantes: jueves de 18:30 a 20:30h. M\u00e1s una hora de gesti\u00f3n curricular. Perfil docente: Profesor\/a en Ciencias Jur\u00eddicas y\/o Abogado\/a con conocimiento y experiencia en la ense\u00f1anza en el Nivel Secundario.<\/p>\n\n\n\n<p>Se deber\u00e1 presentar Proyecto en sobre cerrado, el postulante presentar\u00e1 el Proyecto firmado con un seud\u00f3nimo. En el exterior se colocar\u00e1 seud\u00f3nimo y la Unidad Curricular a la cual se presenta, adem\u00e1s, abrochado, un sobre con el mismo seud\u00f3nimo que adentro contendr\u00e1 DNI, CV con el formato que figura en la web (excluyente), certificaci\u00f3n de servicios y documentaci\u00f3n respaldatoria (si no consta en el legajo que obra en la instituci\u00f3n).<\/p>\n\n\n\n<p><strong>Finalizaci\u00f3n del llamado:\u00a0 15 de marzo de 2023<\/strong><\/p>\n\n\n\n<p>Presentar en Administraci\u00f3n, Federicci y Vuelta de Obligado, Escuela 7705, de 18:30 hs a 21:00hs.<\/p>\n\n\n\n<p>Consultar Dise\u00f1os curriculares, modelos de presentaci\u00f3n de CV y grilla tipo, en la p\u00e1gina web:&nbsp;&nbsp;<a href=\"http:\/\/isfd816-chu.infd.edu.ar\/\" target=\"_blank\" rel=\"noreferrer noopener\">isfd816-chu.infd.edu.ar<\/a><\/p>\n","protected":false},"excerpt":{"rendered":"<p>La Direcci\u00f3n del Instituto de Educaci\u00f3n Superior N\u00b0 816 de la ciudad de Rawson hace el llamado abierto y p\u00fablico para la cobertura de las siguientes Unidades Curriculares: PROFESORADO DE EDUCACION SECUNDARIA EN ECONOMIA 1\u00b0 a\u00f1o. INTRODUCCION AL DERECHO. Asignatura. Anual. Distribuci\u00f3n de la carga horaria: 3hs. C\u00e1tedra frente a estudiantes: s\u00e1bados de 8:30 a &#8230; <a title=\"Llamado UC (Prof. Econom\u00eda)\" class=\"read-more\" href=\"https:\/\/isfd816-chu.infd.edu.ar\/sitio\/llamado-uc-prof-economia-10\/\" aria-label=\"More on Llamado UC (Prof. Econom\u00eda)\">[+]<\/a><\/p>\n","protected":false},"author":9,"featured_media":1059,"comment_status":"open","ping_status":"open","sticky":false,"template":"","format":"standard","meta":[],"categories":[17,16,39],"tags":[9],"acf":[],"_links":{"self":[{"href":"https:\/\/isfd816-chu.infd.edu.ar\/sitio\/wp-json\/wp\/v2\/posts\/2586"}],"collection":[{"href":"https:\/\/isfd816-chu.infd.edu.ar\/sitio\/wp-json\/wp\/v2\/posts"}],"about":[{"href":"https:\/\/isfd816-chu.infd.edu.ar\/sitio\/wp-json\/wp\/v2\/types\/post"}],"author":[{"embeddable":true,"href":"https:\/\/isfd816-chu.infd.edu.ar\/sitio\/wp-json\/wp\/v2\/users\/9"}],"replies":[{"embeddable":true,"href":"https:\/\/isfd816-chu.infd.edu.ar\/sitio\/wp-json\/wp\/v2\/comments?post=2586"}],"version-history":[{"count":1,"href":"https:\/\/isfd816-chu.infd.edu.ar\/sitio\/wp-json\/wp\/v2\/posts\/2586\/revisions"}],"predecessor-version":[{"id":2587,"href":"https:\/\/isfd816-chu.infd.edu.ar\/sitio\/wp-json\/wp\/v2\/posts\/2586\/revisions\/2587"}],"wp:featuredmedia":[{"embeddable":true,"href":"https:\/\/isfd816-chu.infd.edu.ar\/sitio\/wp-json\/wp\/v2\/media\/1059"}],"wp:attachment":[{"href":"https:\/\/isfd816-chu.infd.edu.ar\/sitio\/wp-json\/wp\/v2\/media?parent=2586"}],"wp:term":[{"taxonomy":"category","embeddable":true,"href":"https:\/\/isfd816-chu.infd.edu.ar\/sitio\/wp-json\/wp\/v2\/categories?post=2586"},{"taxonomy":"post_tag","embeddable":true,"href":"https:\/\/isfd816-chu.infd.edu.ar\/sitio\/wp-json\/wp\/v2\/tags?post=2586"}],"curies":[{"name":"wp","href":"https:\/\/api.w.org\/{rel}","templated":true}]}}