{"id":2588,"date":"2023-03-11T18:26:42","date_gmt":"2023-03-11T21:26:42","guid":{"rendered":"https:\/\/isfd816-chu.infd.edu.ar\/sitio\/?p=2588"},"modified":"2023-03-11T18:26:43","modified_gmt":"2023-03-11T21:26:43","slug":"llamado-suplencia-cargo-bedel-3","status":"publish","type":"post","link":"https:\/\/isfd816-chu.infd.edu.ar\/sitio\/llamado-suplencia-cargo-bedel-3\/","title":{"rendered":"<strong>Llamado suplencia cargo Bedel<\/strong>"},"content":{"rendered":"\n<p><\/p>\n\n\n\n<p>La Direcci\u00f3n del Instituto de Educaci\u00f3n Superior N\u00b0 816 de la ciudad de Rawson realiza el llamado p\u00fablico para la cobertura de la suplencia del cargo de Bedel &nbsp;(25hs reloj), turno vespertino, a partir de 17 hs.<\/p>\n\n\n\n<p>Requisitos: poseer t\u00edtulo docente de cualquier Nivel o Modalidad; estar habilitado\/a para desempe\u00f1ar cargos p\u00fablicos.<\/p>\n\n\n\n<p>Presentar DNI, CV, declaraci\u00f3n jurada de cargos y documentaci\u00f3n respaldatoria (prioritariamente en caso de no ser personal docente del Instituto y no tener legajo; en ese caso presentar originales y copias para poder certificar, de lo contrario no tendr\u00e1 validez.&nbsp;<strong>El CV&nbsp;deber\u00e1 presentarse con el formato que figura en la web, excluyente, en car\u00e1cter de declaraci\u00f3n jurada.<\/strong><\/p>\n\n\n\n<p><strong>El llamado vence el Mi\u00e9rcoles 15 de 2023 a las 21 hs.&nbsp;<\/strong>Lugar: Secretar\u00eda Administrativa del Instituto sita en Federicci y Vuelta de obligado, Barrio San Pablo. Escuela N\u00b0 7705 desde 18 30 hs. Consultas:&nbsp;<a href=\"https:\/\/isfd816-chu.infd.edu.ar\/aula\/mailto:ies816rw@gmail.com\" target=\"_blank\" rel=\"noreferrer noopener\">ies816rw@gmail.com<\/a><\/p>\n\n\n\n<p>Consultar modelos de cv, en la p\u00e1gina web&nbsp;<a href=\"http:\/\/isfd816.chu.infd.edu.ar\/\" target=\"_blank\" rel=\"noreferrer noopener\">isfd816.chu.infd.edu.ar<\/a>.<\/p>\n","protected":false},"excerpt":{"rendered":"<p>La Direcci\u00f3n del Instituto de Educaci\u00f3n Superior N\u00b0 816 de la ciudad de Rawson realiza el llamado p\u00fablico para la cobertura de la suplencia del cargo de Bedel &nbsp;(25hs reloj), turno vespertino, a partir de 17 hs. Requisitos: poseer t\u00edtulo docente de cualquier Nivel o Modalidad; estar habilitado\/a para desempe\u00f1ar cargos p\u00fablicos. Presentar DNI, CV, &#8230; <a title=\"Llamado suplencia cargo Bedel\" class=\"read-more\" href=\"https:\/\/isfd816-chu.infd.edu.ar\/sitio\/llamado-suplencia-cargo-bedel-3\/\" aria-label=\"More on Llamado suplencia cargo Bedel\">[+]<\/a><\/p>\n","protected":false},"author":9,"featured_media":1061,"comment_status":"open","ping_status":"open","sticky":false,"template":"","format":"standard","meta":[],"categories":[18,17,16],"tags":[9,90],"acf":[],"_links":{"self":[{"href":"https:\/\/isfd816-chu.infd.edu.ar\/sitio\/wp-json\/wp\/v2\/posts\/2588"}],"collection":[{"href":"https:\/\/isfd816-chu.infd.edu.ar\/sitio\/wp-json\/wp\/v2\/posts"}],"about":[{"href":"https:\/\/isfd816-chu.infd.edu.ar\/sitio\/wp-json\/wp\/v2\/types\/post"}],"author":[{"embeddable":true,"href":"https:\/\/isfd816-chu.infd.edu.ar\/sitio\/wp-json\/wp\/v2\/users\/9"}],"replies":[{"embeddable":true,"href":"https:\/\/isfd816-chu.infd.edu.ar\/sitio\/wp-json\/wp\/v2\/comments?post=2588"}],"version-history":[{"count":1,"href":"https:\/\/isfd816-chu.infd.edu.ar\/sitio\/wp-json\/wp\/v2\/posts\/2588\/revisions"}],"predecessor-version":[{"id":2589,"href":"https:\/\/isfd816-chu.infd.edu.ar\/sitio\/wp-json\/wp\/v2\/posts\/2588\/revisions\/2589"}],"wp:featuredmedia":[{"embeddable":true,"href":"https:\/\/isfd816-chu.infd.edu.ar\/sitio\/wp-json\/wp\/v2\/media\/1061"}],"wp:attachment":[{"href":"https:\/\/isfd816-chu.infd.edu.ar\/sitio\/wp-json\/wp\/v2\/media?parent=2588"}],"wp:term":[{"taxonomy":"category","embeddable":true,"href":"https:\/\/isfd816-chu.infd.edu.ar\/sitio\/wp-json\/wp\/v2\/categories?post=2588"},{"taxonomy":"post_tag","embeddable":true,"href":"https:\/\/isfd816-chu.infd.edu.ar\/sitio\/wp-json\/wp\/v2\/tags?post=2588"}],"curies":[{"name":"wp","href":"https:\/\/api.w.org\/{rel}","templated":true}]}}