{"id":2591,"date":"2023-03-14T20:05:21","date_gmt":"2023-03-14T23:05:21","guid":{"rendered":"https:\/\/isfd816-chu.infd.edu.ar\/sitio\/?p=2591"},"modified":"2023-03-14T20:05:22","modified_gmt":"2023-03-14T23:05:22","slug":"llamados-uc-prof-economia","status":"publish","type":"post","link":"https:\/\/isfd816-chu.infd.edu.ar\/sitio\/llamados-uc-prof-economia\/","title":{"rendered":"Llamados UC (Prof. Econom\u00eda)"},"content":{"rendered":"\n<p>La Direcci\u00f3n del Instituto de Educaci\u00f3n Superior N\u00b0 816 de la ciudad de Rawson hace el llamado abierto y p\u00fablico para la cobertura de las siguientes Unidades Curriculares:<\/p>\n\n\n\n<p><br><strong>PROFESORADO DE EDUCACION SECUNDARIA EN ECONOMIA<\/strong><\/p>\n\n\n\n<p><br>1\u00b0 a\u00f1o. <\/p>\n\n\n\n<p>PEDAGOG\u00cdA. Asignatura. 1\u00b0 cuatrimestre. Suplencia. 6 hs. c\u00e1tedra frente a estudiantes: d\u00edas martes y viernes de 18:30 a 20:30 hs. M\u00e1s 1 hora catedra de gesti\u00f3n curricular. Perfil docente: Formaci\u00f3n en Ciencias de la Educaci\u00f3n con orientaci\u00f3n y\/o experiencia en el \u00e1rea de la Pedagog\u00eda.<br><\/p>\n\n\n\n<p>2\u00b0 a\u00f1o. <\/p>\n\n\n\n<p>HISTORIA Y POLITICA DE LA EDUCACI\u00d3N ARGENTINA. Asignatura. Anual. Suplencia. 3 hs. c\u00e1tedra frente a estudiantes: d\u00eda VIERNES de 20:30 a 22:30 hs. M\u00e1s 1 hora de gesti\u00f3n curricular. Perfil docente: Profesor\/a o Licenciado\/a en Ciencias de la Educaci\u00f3n, con orientaci\u00f3n y\/o experiencia en el \u00e1rea de la Historia de la Educaci\u00f3n y\/o Pol\u00edtica Educativa. Profesor\/a de Historia, que acredite formaci\u00f3n continua en el \u00e1rea de la Historia de la Educaci\u00f3n y\/o Pol\u00edtica Educativa.<br><\/p>\n\n\n\n<p>2\u00b0 a\u00f1o. <\/p>\n\n\n\n<p>SUJETOS DEL APRENDIZAJE. Asignatura. Anual. Suplencia. 4 hs. c\u00e1tedra frente a estudiantes: lunes de 18:30 a 20:30 hs. y jueves de 21:10 a 21:50 hs. M\u00e1s una hora de gesti\u00f3n curricular. Perfil docente: Se deben considerar en orden de prioridad las siguientes opciones:<br>\u2022 Un\/a profesional con formaci\u00f3n espec\u00edfica en Psicopedagog\u00eda, Psicolog\u00eda y\/o Ciencias de la Educaci\u00f3n con orientaci\u00f3n en psicolog\u00eda o psicopedagog\u00eda; que cuente con experiencia laboral en el Nivel Secundario.<br>\u2022 En el caso de que el\/la profesional no alcance el perfil requerido, se debe conformar una pareja pedag\u00f3gica, con un\/a profesor\/a en Ciencias Econ\u00f3micas o Econom\u00eda que cuente con experiencia laboral en el Nivel Secundario; y un\/a profesional en Psicopedagog\u00eda, Psicolog\u00eda y\/o Ciencias de la Educaci\u00f3n con orientaci\u00f3n en psicolog\u00eda o psicopedagog\u00eda, que preferentemente tenga experiencia en el Nivel Secundario.<br>Se debe presentar en cada caso nota de adhesi\u00f3n al proyecto, CV (Formato que figura en la web, EXCLUYENTE) declaraci\u00f3n jurada de cargos y documentaci\u00f3n respaldatoria si no consta en el legajo institucional.<br><strong>Finalizaci\u00f3n del llamado: 17 de marzo de 2023<\/strong><br>Presentar en Administraci\u00f3n, Federicci y Vuelta de Obligado, Escuela 7705, de 18:30 hs a 21:00hs.<br>Consultar Dise\u00f1os curriculares, modelos de presentaci\u00f3n de CV y grilla tipo, en la p\u00e1gina web: isfd816-chu.infd.edu.ar<\/p>\n","protected":false},"excerpt":{"rendered":"<p>La Direcci\u00f3n del Instituto de Educaci\u00f3n Superior N\u00b0 816 de la ciudad de Rawson hace el llamado abierto y p\u00fablico para la cobertura de las siguientes Unidades Curriculares: PROFESORADO DE EDUCACION SECUNDARIA EN ECONOMIA 1\u00b0 a\u00f1o. PEDAGOG\u00cdA. Asignatura. 1\u00b0 cuatrimestre. Suplencia. 6 hs. c\u00e1tedra frente a estudiantes: d\u00edas martes y viernes de 18:30 a 20:30 &#8230; <a title=\"Llamados UC (Prof. Econom\u00eda)\" class=\"read-more\" href=\"https:\/\/isfd816-chu.infd.edu.ar\/sitio\/llamados-uc-prof-economia\/\" aria-label=\"More on Llamados UC (Prof. Econom\u00eda)\">[+]<\/a><\/p>\n","protected":false},"author":9,"featured_media":1059,"comment_status":"open","ping_status":"open","sticky":false,"template":"","format":"standard","meta":[],"categories":[17,16,39],"tags":[9],"acf":[],"_links":{"self":[{"href":"https:\/\/isfd816-chu.infd.edu.ar\/sitio\/wp-json\/wp\/v2\/posts\/2591"}],"collection":[{"href":"https:\/\/isfd816-chu.infd.edu.ar\/sitio\/wp-json\/wp\/v2\/posts"}],"about":[{"href":"https:\/\/isfd816-chu.infd.edu.ar\/sitio\/wp-json\/wp\/v2\/types\/post"}],"author":[{"embeddable":true,"href":"https:\/\/isfd816-chu.infd.edu.ar\/sitio\/wp-json\/wp\/v2\/users\/9"}],"replies":[{"embeddable":true,"href":"https:\/\/isfd816-chu.infd.edu.ar\/sitio\/wp-json\/wp\/v2\/comments?post=2591"}],"version-history":[{"count":1,"href":"https:\/\/isfd816-chu.infd.edu.ar\/sitio\/wp-json\/wp\/v2\/posts\/2591\/revisions"}],"predecessor-version":[{"id":2592,"href":"https:\/\/isfd816-chu.infd.edu.ar\/sitio\/wp-json\/wp\/v2\/posts\/2591\/revisions\/2592"}],"wp:featuredmedia":[{"embeddable":true,"href":"https:\/\/isfd816-chu.infd.edu.ar\/sitio\/wp-json\/wp\/v2\/media\/1059"}],"wp:attachment":[{"href":"https:\/\/isfd816-chu.infd.edu.ar\/sitio\/wp-json\/wp\/v2\/media?parent=2591"}],"wp:term":[{"taxonomy":"category","embeddable":true,"href":"https:\/\/isfd816-chu.infd.edu.ar\/sitio\/wp-json\/wp\/v2\/categories?post=2591"},{"taxonomy":"post_tag","embeddable":true,"href":"https:\/\/isfd816-chu.infd.edu.ar\/sitio\/wp-json\/wp\/v2\/tags?post=2591"}],"curies":[{"name":"wp","href":"https:\/\/api.w.org\/{rel}","templated":true}]}}