{"id":2593,"date":"2023-03-14T20:10:25","date_gmt":"2023-03-14T23:10:25","guid":{"rendered":"https:\/\/isfd816-chu.infd.edu.ar\/sitio\/?p=2593"},"modified":"2023-03-14T20:10:27","modified_gmt":"2023-03-14T23:10:27","slug":"llamado-uc-prof-educ-primaria-2","status":"publish","type":"post","link":"https:\/\/isfd816-chu.infd.edu.ar\/sitio\/llamado-uc-prof-educ-primaria-2\/","title":{"rendered":"Llamado UC (Prof. Educ. Primaria)"},"content":{"rendered":"\n<p>La Direcci\u00f3n del Instituto de Educaci\u00f3n Superior N\u00b0 816 de la ciudad de Rawson hace el llamado abierto y p\u00fablico para la cobertura de la siguiente Unidad Curricular:<\/p>\n\n\n\n<p><strong>Profesorado de Educaci\u00f3n Primaria:<\/strong><\/p>\n\n\n\n<p><br><em>3\u00b0 A\u00f1o. <\/em><\/p>\n\n\n\n<p>Filosof\u00eda de la educaci\u00f3n. Seminario. Anual. Interino a t\u00e9rmino. 3 hs. Catedra. Perfil docente: Se recomienda priorizar la experiencia docente en el nivel destinatario. Formaci\u00f3n espec\u00edfica en Filosof\u00eda, con orientaci\u00f3n y\/o experiencia en el \u00e1rea de la educaci\u00f3n. (dise\u00f1o viejo)<br>Se deber\u00e1 presentar Proyecto en sobre cerrado, Proyecto firmado con un seud\u00f3nimo. En el exterior se colocar\u00e1 seud\u00f3nimo y la Unidad Curricular a la cual se presenta, adem\u00e1s, abrochado, un sobre con el mismo seud\u00f3nimo que adentro contendr\u00e1 DNI, CV con el formato que figura en la web (excluyente), certificaci\u00f3n de servicios y documentaci\u00f3n respaldatoria (si no consta en el legajo que obra en la instituci\u00f3n).<br><strong>Finalizaci\u00f3n del llamado: viernes 17 de marzo.<\/strong> <\/p>\n\n\n\n<p>Presentar en Administraci\u00f3n, Federicci y Vuelta de Obligado, Escuela 7705, de 19:00 hs a 21:00hs.<br>Consultar Dise\u00f1os curriculares, modelos de presentaci\u00f3n de CV y grilla tipo, en la p\u00e1gina web: isfd816-chu.infd.edu.ar<\/p>\n","protected":false},"excerpt":{"rendered":"<p>La Direcci\u00f3n del Instituto de Educaci\u00f3n Superior N\u00b0 816 de la ciudad de Rawson hace el llamado abierto y p\u00fablico para la cobertura de la siguiente Unidad Curricular: Profesorado de Educaci\u00f3n Primaria: 3\u00b0 A\u00f1o. Filosof\u00eda de la educaci\u00f3n. Seminario. Anual. Interino a t\u00e9rmino. 3 hs. Catedra. Perfil docente: Se recomienda priorizar la experiencia docente en &#8230; <a title=\"Llamado UC (Prof. Educ. Primaria)\" class=\"read-more\" href=\"https:\/\/isfd816-chu.infd.edu.ar\/sitio\/llamado-uc-prof-educ-primaria-2\/\" aria-label=\"More on Llamado UC (Prof. Educ. Primaria)\">[+]<\/a><\/p>\n","protected":false},"author":9,"featured_media":1061,"comment_status":"open","ping_status":"open","sticky":false,"template":"","format":"standard","meta":[],"categories":[17,16,39],"tags":[9],"acf":[],"_links":{"self":[{"href":"https:\/\/isfd816-chu.infd.edu.ar\/sitio\/wp-json\/wp\/v2\/posts\/2593"}],"collection":[{"href":"https:\/\/isfd816-chu.infd.edu.ar\/sitio\/wp-json\/wp\/v2\/posts"}],"about":[{"href":"https:\/\/isfd816-chu.infd.edu.ar\/sitio\/wp-json\/wp\/v2\/types\/post"}],"author":[{"embeddable":true,"href":"https:\/\/isfd816-chu.infd.edu.ar\/sitio\/wp-json\/wp\/v2\/users\/9"}],"replies":[{"embeddable":true,"href":"https:\/\/isfd816-chu.infd.edu.ar\/sitio\/wp-json\/wp\/v2\/comments?post=2593"}],"version-history":[{"count":1,"href":"https:\/\/isfd816-chu.infd.edu.ar\/sitio\/wp-json\/wp\/v2\/posts\/2593\/revisions"}],"predecessor-version":[{"id":2594,"href":"https:\/\/isfd816-chu.infd.edu.ar\/sitio\/wp-json\/wp\/v2\/posts\/2593\/revisions\/2594"}],"wp:featuredmedia":[{"embeddable":true,"href":"https:\/\/isfd816-chu.infd.edu.ar\/sitio\/wp-json\/wp\/v2\/media\/1061"}],"wp:attachment":[{"href":"https:\/\/isfd816-chu.infd.edu.ar\/sitio\/wp-json\/wp\/v2\/media?parent=2593"}],"wp:term":[{"taxonomy":"category","embeddable":true,"href":"https:\/\/isfd816-chu.infd.edu.ar\/sitio\/wp-json\/wp\/v2\/categories?post=2593"},{"taxonomy":"post_tag","embeddable":true,"href":"https:\/\/isfd816-chu.infd.edu.ar\/sitio\/wp-json\/wp\/v2\/tags?post=2593"}],"curies":[{"name":"wp","href":"https:\/\/api.w.org\/{rel}","templated":true}]}}