{"id":2601,"date":"2023-03-15T21:46:46","date_gmt":"2023-03-16T00:46:46","guid":{"rendered":"https:\/\/isfd816-chu.infd.edu.ar\/sitio\/?p=2601"},"modified":"2023-03-15T21:48:54","modified_gmt":"2023-03-16T00:48:54","slug":"llamado-uc-prof-matematica-6","status":"publish","type":"post","link":"https:\/\/isfd816-chu.infd.edu.ar\/sitio\/llamado-uc-prof-matematica-6\/","title":{"rendered":"Llamado UC (Prof. Matem\u00e1tica)"},"content":{"rendered":"\n<p>La Direcci\u00f3n del Instituto de Educaci\u00f3n Superior N\u00b0 816 de la ciudad de Rawson hace el llamado abierto y p\u00fablico para la cobertura de la siguientes Unidades Curriculares:<\/p>\n\n\n\n<p>Profesorado de Educaci\u00f3n secundaria en Matem\u00e1tica:<\/p>\n\n\n\n<p>1\u00ba A\u00f1o. <\/p>\n\n\n\n<p> Algebra de los conjuntos num\u00e9ricos. Asignatura. Anual. Interino. 6 horas catedra. Perfil docente: Profesor\/a de Matem\u00e1tica.<\/p>\n\n\n\n<p>2\u00ba A\u00f1o. <\/p>\n\n\n\n<p>An\u00e1lisis Matem\u00e1tico. Asignatura. Anual. Interino. 5 horas c\u00e1tedra. Perfil docente: Profesor\/a de matem\u00e1tica. Se deber\u00e1 presentar en cada caso Proyecto en sobre cerrado, el postulante presentar\u00e1 el Proyecto firmado con un seud\u00f3nimo. En el exterior se colocar\u00e1 seud\u00f3nimo y la Unidad Curricular a la cual se presenta, adem\u00e1s, abrochado, un sobre con el mismo seud\u00f3nimo que adentro contendr\u00e1 DNI, CV con el formato que figura en la web (excluyente), certificaci\u00f3n de servicios y documentaci\u00f3n respaldatoria (si no consta en el legajo que obra en la instituci\u00f3n).<\/p>\n\n\n\n<p>1\u00ba A\u00f1o. <\/p>\n\n\n\n<p>Psicolog\u00eda Educacional. Asignatura. Anual. Suplencia. 3 horas catedra. Perfil Docente: Formaci\u00f3n espec\u00edfica en Psicolog\u00eda de la Educaci\u00f3n y\/o en Ciencias de la Educaci\u00f3n con orientaci\u00f3n en el \u00e1rea de Psicolog\u00eda.Se deber\u00e1 presentar nota de adhesi\u00f3n al proyecto, y CV con formato que figura en la web (EXCLUYENTE) Declaraci\u00f3n jurada de cargos y documentaci\u00f3n respaldatoria, si no consta en el legajo institucional. <\/p>\n\n\n\n<p>Finalizaci\u00f3n del llamado: martes 21 de marzo. Presentar en Administraci\u00f3n, Federicci y Vuelta de Obligado, Escuela 7705, de 19:00 hs a 21:00hs.Consultar Dise\u00f1os curriculares, modelos de presentaci\u00f3n de CV y grilla tipo, en la p\u00e1gina web: isfd816-chu.infd.edu.ar<\/p>\n","protected":false},"excerpt":{"rendered":"<p>La Direcci\u00f3n del Instituto de Educaci\u00f3n Superior N\u00b0 816 de la ciudad de Rawson hace el llamado abierto y p\u00fablico para la cobertura de la siguientes Unidades Curriculares: Profesorado de Educaci\u00f3n secundaria en Matem\u00e1tica: 1\u00ba A\u00f1o. Algebra de los conjuntos num\u00e9ricos. Asignatura. Anual. Interino. 6 horas catedra. Perfil docente: Profesor\/a de Matem\u00e1tica. 2\u00ba A\u00f1o. An\u00e1lisis &#8230; <a title=\"Llamado UC (Prof. Matem\u00e1tica)\" class=\"read-more\" href=\"https:\/\/isfd816-chu.infd.edu.ar\/sitio\/llamado-uc-prof-matematica-6\/\" aria-label=\"More on Llamado UC (Prof. Matem\u00e1tica)\">[+]<\/a><\/p>\n","protected":false},"author":9,"featured_media":1057,"comment_status":"open","ping_status":"open","sticky":false,"template":"","format":"standard","meta":[],"categories":[17,16,39],"tags":[9],"acf":[],"_links":{"self":[{"href":"https:\/\/isfd816-chu.infd.edu.ar\/sitio\/wp-json\/wp\/v2\/posts\/2601"}],"collection":[{"href":"https:\/\/isfd816-chu.infd.edu.ar\/sitio\/wp-json\/wp\/v2\/posts"}],"about":[{"href":"https:\/\/isfd816-chu.infd.edu.ar\/sitio\/wp-json\/wp\/v2\/types\/post"}],"author":[{"embeddable":true,"href":"https:\/\/isfd816-chu.infd.edu.ar\/sitio\/wp-json\/wp\/v2\/users\/9"}],"replies":[{"embeddable":true,"href":"https:\/\/isfd816-chu.infd.edu.ar\/sitio\/wp-json\/wp\/v2\/comments?post=2601"}],"version-history":[{"count":2,"href":"https:\/\/isfd816-chu.infd.edu.ar\/sitio\/wp-json\/wp\/v2\/posts\/2601\/revisions"}],"predecessor-version":[{"id":2603,"href":"https:\/\/isfd816-chu.infd.edu.ar\/sitio\/wp-json\/wp\/v2\/posts\/2601\/revisions\/2603"}],"wp:featuredmedia":[{"embeddable":true,"href":"https:\/\/isfd816-chu.infd.edu.ar\/sitio\/wp-json\/wp\/v2\/media\/1057"}],"wp:attachment":[{"href":"https:\/\/isfd816-chu.infd.edu.ar\/sitio\/wp-json\/wp\/v2\/media?parent=2601"}],"wp:term":[{"taxonomy":"category","embeddable":true,"href":"https:\/\/isfd816-chu.infd.edu.ar\/sitio\/wp-json\/wp\/v2\/categories?post=2601"},{"taxonomy":"post_tag","embeddable":true,"href":"https:\/\/isfd816-chu.infd.edu.ar\/sitio\/wp-json\/wp\/v2\/tags?post=2601"}],"curies":[{"name":"wp","href":"https:\/\/api.w.org\/{rel}","templated":true}]}}