{"id":2629,"date":"2023-04-04T09:02:00","date_gmt":"2023-04-04T12:02:00","guid":{"rendered":"https:\/\/isfd816-chu.infd.edu.ar\/sitio\/?p=2629"},"modified":"2023-04-04T15:05:08","modified_gmt":"2023-04-04T18:05:08","slug":"llamado-uc-prof-economia-11","status":"publish","type":"post","link":"https:\/\/isfd816-chu.infd.edu.ar\/sitio\/llamado-uc-prof-economia-11\/","title":{"rendered":"Llamado UC (Prof. Econom\u00eda)"},"content":{"rendered":"\n<p>La Direcci\u00f3n del Instituto de Educaci\u00f3n Superior N\u00b0 816 de la ciudad de Rawson hace el llamado abierto y p\u00fablico para la cobertura de las siguientes Unidades Curriculares:<\/p>\n\n\n\n<p><br><strong><em>PROFESORADO DE EDUCACION SECUNDARIA EN ECONOMIA<\/em><\/strong><\/p>\n\n\n\n<p><br><strong>4\u00b0 A\u00d1O. EMPRENDEDORISMO.<\/strong> Asignatura. Anual. Suplencia. 3hs. c\u00e1tedra frente a estudiantes, los d\u00edas viernes de 18:30 a 20:30 hs. M\u00e1s 1h de gesti\u00f3n curricular. Perfil docente: Profesor\/a en Econom\u00eda. Licenciado\/a en Econom\u00eda. Licenciado\/a en Administraci\u00f3n. Contador\/a P\u00fablico\/a.<\/p>\n\n\n\n<p><br><strong>3\u00b0 A\u00d1O. HERRAMIENTAS INFORM\u00c1TICAS PARA LA GESTI\u00d3N. <\/strong>Taller. Anual. Suplencia. 3hs. C\u00e1tedra frente a estudiantes: d\u00edas jueves de 20:30 a 22:30 hs- M\u00e1s 1h catedra de gesti\u00f3n curricular. Perfil docente: Profesor\/a de Computaci\u00f3n. Licenciado\/a en Sistemas.<br>Presentar en cada caso, nota de adhesi\u00f3n al proyecto, CV (Formato que figura en la web, EXCLUYENTE) declaraci\u00f3n jurada de cargos y documentaci\u00f3n respaldatoria si no consta en el legajo institucional.<\/p>\n\n\n\n<p><br><strong>2\u00b0 a\u00f1o. SISTEMA DE INFORMACION CONTABLE II (2\u00b0 llamado)<\/strong> Asignatura. Anual. Distribuci\u00f3n de la carga horaria: 3h c\u00e1tedra frente a estudiantes: d\u00eda lunes o martes de 20:30h a 22:30h. M\u00e1s 1h de gesti\u00f3n curricular. Perfil docente: Profesor\/a en Ciencias Econ\u00f3micas. Profesor\/a en Econom\u00eda. Licenciado\/a en Administraci\u00f3n. Licenciado\/a en Econom\u00eda.<br>Se deber\u00e1 presentar Proyecto en sobre cerrado, el postulante presentar\u00e1 el Proyecto firmado con un seud\u00f3nimo. En el exterior se colocar\u00e1 seud\u00f3nimo y la Unidad Curricular a la cual se presenta, adem\u00e1s, abrochado, un sobre con el mismo seud\u00f3nimo que adentro contendr\u00e1 DNI, CV con el formato que figura en la web (excluyente), certificaci\u00f3n de servicios y documentaci\u00f3n respaldatoria (si no consta en el legajo que obra en la instituci\u00f3n).<\/p>\n\n\n\n<p><br><strong>Finalizaci\u00f3n del llamado: 10 de abril de 2023<\/strong><br>Presentar en Administraci\u00f3n, Federicci y Vuelta de Obligado, Escuela 7705, de 18:30 hs a 21:00hs.<br>Consultar Dise\u00f1os curriculares, modelos de presentaci\u00f3n de CV y grilla tipo, en la p\u00e1gina web: https:\/\/isfd816-chu.infd.edu.ar\/<\/p>\n","protected":false},"excerpt":{"rendered":"<p>La Direcci\u00f3n del Instituto de Educaci\u00f3n Superior N\u00b0 816 de la ciudad de Rawson hace el llamado abierto y p\u00fablico para la cobertura de las siguientes Unidades Curriculares: PROFESORADO DE EDUCACION SECUNDARIA EN ECONOMIA 4\u00b0 A\u00d1O. EMPRENDEDORISMO. Asignatura. Anual. Suplencia. 3hs. c\u00e1tedra frente a estudiantes, los d\u00edas viernes de 18:30 a 20:30 hs. M\u00e1s 1h &#8230; <a title=\"Llamado UC (Prof. Econom\u00eda)\" class=\"read-more\" href=\"https:\/\/isfd816-chu.infd.edu.ar\/sitio\/llamado-uc-prof-economia-11\/\" aria-label=\"More on Llamado UC (Prof. Econom\u00eda)\">[+]<\/a><\/p>\n","protected":false},"author":9,"featured_media":1061,"comment_status":"open","ping_status":"open","sticky":false,"template":"","format":"standard","meta":[],"categories":[17,16],"tags":[9],"acf":[],"_links":{"self":[{"href":"https:\/\/isfd816-chu.infd.edu.ar\/sitio\/wp-json\/wp\/v2\/posts\/2629"}],"collection":[{"href":"https:\/\/isfd816-chu.infd.edu.ar\/sitio\/wp-json\/wp\/v2\/posts"}],"about":[{"href":"https:\/\/isfd816-chu.infd.edu.ar\/sitio\/wp-json\/wp\/v2\/types\/post"}],"author":[{"embeddable":true,"href":"https:\/\/isfd816-chu.infd.edu.ar\/sitio\/wp-json\/wp\/v2\/users\/9"}],"replies":[{"embeddable":true,"href":"https:\/\/isfd816-chu.infd.edu.ar\/sitio\/wp-json\/wp\/v2\/comments?post=2629"}],"version-history":[{"count":1,"href":"https:\/\/isfd816-chu.infd.edu.ar\/sitio\/wp-json\/wp\/v2\/posts\/2629\/revisions"}],"predecessor-version":[{"id":2630,"href":"https:\/\/isfd816-chu.infd.edu.ar\/sitio\/wp-json\/wp\/v2\/posts\/2629\/revisions\/2630"}],"wp:featuredmedia":[{"embeddable":true,"href":"https:\/\/isfd816-chu.infd.edu.ar\/sitio\/wp-json\/wp\/v2\/media\/1061"}],"wp:attachment":[{"href":"https:\/\/isfd816-chu.infd.edu.ar\/sitio\/wp-json\/wp\/v2\/media?parent=2629"}],"wp:term":[{"taxonomy":"category","embeddable":true,"href":"https:\/\/isfd816-chu.infd.edu.ar\/sitio\/wp-json\/wp\/v2\/categories?post=2629"},{"taxonomy":"post_tag","embeddable":true,"href":"https:\/\/isfd816-chu.infd.edu.ar\/sitio\/wp-json\/wp\/v2\/tags?post=2629"}],"curies":[{"name":"wp","href":"https:\/\/api.w.org\/{rel}","templated":true}]}}