{"id":2633,"date":"2023-04-15T08:43:00","date_gmt":"2023-04-15T11:43:00","guid":{"rendered":"https:\/\/isfd816-chu.infd.edu.ar\/sitio\/?p=2633"},"modified":"2023-04-15T10:48:07","modified_gmt":"2023-04-15T13:48:07","slug":"llamado-uc-tec-adm-pub-2","status":"publish","type":"post","link":"https:\/\/isfd816-chu.infd.edu.ar\/sitio\/llamado-uc-tec-adm-pub-2\/","title":{"rendered":"Llamado UC (Tec. Adm. P\u00fab.)"},"content":{"rendered":"\n<p>La Direcci\u00f3n del Instituto de Educaci\u00f3n Superior N\u00b0 816 de la ciudad de Rawson hace el llamado abierto y p\u00fablico para la cobertura de la siguiente Unidad Curricular:<\/p>\n\n\n\n<p>TECNICATURA EN ADMINISTRACI\u00d3N PUBLICA Y DESARROLLO LOCAL<\/p>\n\n\n\n<p>2\u00b0 a\u00f1o. EDI II: \u00abAn\u00e1lisis, evaluaci\u00f3n y reingenier\u00eda de procesos\u00bb. Contenidos sugeridos:-Visi\u00f3n de las organizaciones.-Clasificaci\u00f3n y variables de actividad de los procesos.-Metodolog\u00eda para el an\u00e1lisis y evaluaci\u00f3n de los procesos.-Herramientas de diagn\u00f3stico y evaluaci\u00f3n de procesos.-Redise\u00f1o o reingenier\u00eda de procesos.-Medici\u00f3n y control de los procesos.Anual. Interino. 4 hs catedra. Perfil profesional: Lic. en Ciencias Pol\u00edticas, Lic en administraci\u00f3n de empresas, Lic. en Administraci\u00f3n p\u00fablica, Lic. en RRHH o Lic. en Sociolog\u00eda. Con experiencia en la Administraci\u00f3n P\u00fablica.<\/p>\n\n\n\n<p>Se deber\u00e1 presentar Proyecto en sobre cerrado, Proyecto firmado con un seud\u00f3nimo. En el exterior se colocar\u00e1 seud\u00f3nimo y la Unidad Curricular a la cual se presenta, adem\u00e1s, abrochado, un sobre con el mismo seud\u00f3nimo que adentro contendr\u00e1 DNI, CV con el formato que figura en la web (excluyente), certificaci\u00f3n de servicios y documentaci\u00f3n respaldatoria (si no consta en el legajo que obra en la instituci\u00f3n).Finalizaci\u00f3n<strong> del llamado:  18 de abril de 2023. <\/strong><\/p>\n\n\n\n<p>Presentar en Administraci\u00f3n, Federicci y Vuelta de Obligado, Escuela 7705, de 18:30 hs a 21:00hs.Consultar Dise\u00f1o curricular, modelos de presentaci\u00f3n de CV y grilla tipo, en la p\u00e1gina web:  isfd816-chu.infd.edu.ar<\/p>\n","protected":false},"excerpt":{"rendered":"<p>La Direcci\u00f3n del Instituto de Educaci\u00f3n Superior N\u00b0 816 de la ciudad de Rawson hace el llamado abierto y p\u00fablico para la cobertura de la siguiente Unidad Curricular: TECNICATURA EN ADMINISTRACI\u00d3N PUBLICA Y DESARROLLO LOCAL 2\u00b0 a\u00f1o. EDI II: \u00abAn\u00e1lisis, evaluaci\u00f3n y reingenier\u00eda de procesos\u00bb. Contenidos sugeridos:-Visi\u00f3n de las organizaciones.-Clasificaci\u00f3n y variables de actividad de &#8230; <a title=\"Llamado UC (Tec. Adm. P\u00fab.)\" class=\"read-more\" href=\"https:\/\/isfd816-chu.infd.edu.ar\/sitio\/llamado-uc-tec-adm-pub-2\/\" aria-label=\"More on Llamado UC (Tec. Adm. P\u00fab.)\">[+]<\/a><\/p>\n","protected":false},"author":9,"featured_media":1057,"comment_status":"open","ping_status":"open","sticky":false,"template":"","format":"standard","meta":[],"categories":[17,16,39],"tags":[9],"acf":[],"_links":{"self":[{"href":"https:\/\/isfd816-chu.infd.edu.ar\/sitio\/wp-json\/wp\/v2\/posts\/2633"}],"collection":[{"href":"https:\/\/isfd816-chu.infd.edu.ar\/sitio\/wp-json\/wp\/v2\/posts"}],"about":[{"href":"https:\/\/isfd816-chu.infd.edu.ar\/sitio\/wp-json\/wp\/v2\/types\/post"}],"author":[{"embeddable":true,"href":"https:\/\/isfd816-chu.infd.edu.ar\/sitio\/wp-json\/wp\/v2\/users\/9"}],"replies":[{"embeddable":true,"href":"https:\/\/isfd816-chu.infd.edu.ar\/sitio\/wp-json\/wp\/v2\/comments?post=2633"}],"version-history":[{"count":1,"href":"https:\/\/isfd816-chu.infd.edu.ar\/sitio\/wp-json\/wp\/v2\/posts\/2633\/revisions"}],"predecessor-version":[{"id":2634,"href":"https:\/\/isfd816-chu.infd.edu.ar\/sitio\/wp-json\/wp\/v2\/posts\/2633\/revisions\/2634"}],"wp:featuredmedia":[{"embeddable":true,"href":"https:\/\/isfd816-chu.infd.edu.ar\/sitio\/wp-json\/wp\/v2\/media\/1057"}],"wp:attachment":[{"href":"https:\/\/isfd816-chu.infd.edu.ar\/sitio\/wp-json\/wp\/v2\/media?parent=2633"}],"wp:term":[{"taxonomy":"category","embeddable":true,"href":"https:\/\/isfd816-chu.infd.edu.ar\/sitio\/wp-json\/wp\/v2\/categories?post=2633"},{"taxonomy":"post_tag","embeddable":true,"href":"https:\/\/isfd816-chu.infd.edu.ar\/sitio\/wp-json\/wp\/v2\/tags?post=2633"}],"curies":[{"name":"wp","href":"https:\/\/api.w.org\/{rel}","templated":true}]}}