{"id":2639,"date":"2023-04-18T09:35:00","date_gmt":"2023-04-18T12:35:00","guid":{"rendered":"https:\/\/isfd816-chu.infd.edu.ar\/sitio\/?p=2639"},"modified":"2023-04-20T10:37:42","modified_gmt":"2023-04-20T13:37:42","slug":"llamado-uc-prof-economia-13","status":"publish","type":"post","link":"https:\/\/isfd816-chu.infd.edu.ar\/sitio\/llamado-uc-prof-economia-13\/","title":{"rendered":"Llamado UC (Prof. Econom\u00eda)"},"content":{"rendered":"\n<p>La Direcci\u00f3n del Instituto de Educaci\u00f3n Superior N\u00b0 816 de la ciudad de Rawson hace el llamado abierto y p\u00fablico para la cobertura de la siguiente Unidad Curricular:<\/p>\n\n\n\n<p>Profesorado de Educaci\u00f3n secundaria en Econom\u00eda:<\/p>\n\n\n\n<p><br>4\u00ba A\u00f1o. UDI. Uso del cuerpo y la voz en la ense\u00f1anza. Suplencia. Taller. 1\u00b0 cuatrimestre. 4 hs c\u00e1tedra. Perfil docente: Profesional con titulaci\u00f3n de educaci\u00f3n superior en el campo del uso de la voz y formaci\u00f3n complementaria en el uso del cuerpo. Se valorar\u00e1 formaci\u00f3n docente y experiencia en nivel secundario.<\/p>\n\n\n\n<p>Se deber\u00e1 presentar nota de adhesi\u00f3n al proyecto, y CV con formato que figura en la web (EXCLUYENTE) Declaraci\u00f3n jurada de cargos y documentaci\u00f3n respaldatoria, si no consta en el legajo institucional.<\/p>\n\n\n\n<p>Finalizaci\u00f3n del llamado: 20 de abril. Presentar en Administraci\u00f3n, Federicci y Vuelta de Obligado, Escuela 7705, de 19:00 hs a 21:00hs.<\/p>\n\n\n\n<p>Consultar Dise\u00f1o curricular, modelos de presentaci\u00f3n de CV y grilla tipo, en la p\u00e1gina web: isfd816-chu.infd.edu.ar<\/p>\n","protected":false},"excerpt":{"rendered":"<p>La Direcci\u00f3n del Instituto de Educaci\u00f3n Superior N\u00b0 816 de la ciudad de Rawson hace el llamado abierto y p\u00fablico para la cobertura de la siguiente Unidad Curricular: Profesorado de Educaci\u00f3n secundaria en Econom\u00eda: 4\u00ba A\u00f1o. UDI. Uso del cuerpo y la voz en la ense\u00f1anza. Suplencia. Taller. 1\u00b0 cuatrimestre. 4 hs c\u00e1tedra. Perfil docente: &#8230; <a title=\"Llamado UC (Prof. Econom\u00eda)\" class=\"read-more\" href=\"https:\/\/isfd816-chu.infd.edu.ar\/sitio\/llamado-uc-prof-economia-13\/\" aria-label=\"More on Llamado UC (Prof. Econom\u00eda)\">[+]<\/a><\/p>\n","protected":false},"author":9,"featured_media":1040,"comment_status":"open","ping_status":"open","sticky":false,"template":"","format":"standard","meta":[],"categories":[17],"tags":[9],"acf":[],"_links":{"self":[{"href":"https:\/\/isfd816-chu.infd.edu.ar\/sitio\/wp-json\/wp\/v2\/posts\/2639"}],"collection":[{"href":"https:\/\/isfd816-chu.infd.edu.ar\/sitio\/wp-json\/wp\/v2\/posts"}],"about":[{"href":"https:\/\/isfd816-chu.infd.edu.ar\/sitio\/wp-json\/wp\/v2\/types\/post"}],"author":[{"embeddable":true,"href":"https:\/\/isfd816-chu.infd.edu.ar\/sitio\/wp-json\/wp\/v2\/users\/9"}],"replies":[{"embeddable":true,"href":"https:\/\/isfd816-chu.infd.edu.ar\/sitio\/wp-json\/wp\/v2\/comments?post=2639"}],"version-history":[{"count":1,"href":"https:\/\/isfd816-chu.infd.edu.ar\/sitio\/wp-json\/wp\/v2\/posts\/2639\/revisions"}],"predecessor-version":[{"id":2640,"href":"https:\/\/isfd816-chu.infd.edu.ar\/sitio\/wp-json\/wp\/v2\/posts\/2639\/revisions\/2640"}],"wp:featuredmedia":[{"embeddable":true,"href":"https:\/\/isfd816-chu.infd.edu.ar\/sitio\/wp-json\/wp\/v2\/media\/1040"}],"wp:attachment":[{"href":"https:\/\/isfd816-chu.infd.edu.ar\/sitio\/wp-json\/wp\/v2\/media?parent=2639"}],"wp:term":[{"taxonomy":"category","embeddable":true,"href":"https:\/\/isfd816-chu.infd.edu.ar\/sitio\/wp-json\/wp\/v2\/categories?post=2639"},{"taxonomy":"post_tag","embeddable":true,"href":"https:\/\/isfd816-chu.infd.edu.ar\/sitio\/wp-json\/wp\/v2\/tags?post=2639"}],"curies":[{"name":"wp","href":"https:\/\/api.w.org\/{rel}","templated":true}]}}