{"id":2641,"date":"2023-04-24T23:31:00","date_gmt":"2023-04-25T02:31:00","guid":{"rendered":"https:\/\/isfd816-chu.infd.edu.ar\/sitio\/?p=2641"},"modified":"2023-04-25T17:35:45","modified_gmt":"2023-04-25T20:35:45","slug":"llamado-uc-prof-educ-especial-5","status":"publish","type":"post","link":"https:\/\/isfd816-chu.infd.edu.ar\/sitio\/llamado-uc-prof-educ-especial-5\/","title":{"rendered":"Llamado UC (Prof. Educ. Especial)"},"content":{"rendered":"\n<p>La Direcci\u00f3n del Instituto de Educaci\u00f3n Superior N\u00b0 816 de la ciudad de Rawson hace el llamado abierto y p\u00fablico para la cobertura de la siguiente Unidad Curricular:<\/p>\n\n\n\n<p>&nbsp;<strong>Profesorado de Educaci\u00f3n Especial con orientaci\u00f3n en discapacidad Intelectual:<\/strong><\/p>\n\n\n\n<p><strong>4\u00ba A\u00f1o<\/strong>. UDI. (CFG) Taller. Cuatrimestral. Interino a t\u00e9rmino. 4 hs. Catedra. Temas sugeridos: Funci\u00f3n de la MAI. Configuraciones de apoyo Funciones y caracter\u00edsticas de cada una. Entrevista a padres. Ficha de demanda. Elaboraci\u00f3n de PPI. Estrategias de inclusi\u00f3n e intervenci\u00f3n \u00e1ulica. Inclusi\u00f3n de la MAI en los niveles: inicial primaria y secundaria. Lenguaje de se\u00f1as. Did\u00e1cticas de las \u00e1reas. Recursos. Etiolog\u00eda de casos de inclusi\u00f3n. Generalidades. Perfil docente: Prof en educaci\u00f3n especial con orientaci\u00f3n en intelectuales preferentemente.<\/p>\n\n\n\n<p>&nbsp;Se deber\u00e1 presentar Proyecto en sobre cerrado, el postulante presentar\u00e1 el Proyecto firmado con un seud\u00f3nimo. En el exterior se colocar\u00e1 seud\u00f3nimo y la Unidad Curricular a la cual se presenta, adem\u00e1s, abrochado, un sobre con el mismo seud\u00f3nimo que adentro contendr\u00e1 DNI, CV con el formato que figura en la web (excluyente), certificaci\u00f3n de servicios y documentaci\u00f3n respaldatoria (si no consta en el legajo que obra en la instituci\u00f3n).<\/p>\n\n\n\n<p>Finalizaci\u00f3n del llamado: 27 de abril. Presentar en Administraci\u00f3n, Federicci y Vuelta de Obligado, Escuela 7705, de 19:00 hs a 21:00hs.<\/p>\n\n\n\n<p>&nbsp;Consultar Dise\u00f1o curricular, modelos de presentaci\u00f3n de CV y grilla tipo, en la p\u00e1gina web:&nbsp;<a href=\"http:\/\/isfd816-chu.infd.edu.ar\/\" target=\"_blank\" rel=\"noreferrer noopener\">isfd816-chu.infd.edu.ar<\/a><\/p>\n","protected":false},"excerpt":{"rendered":"<p>La Direcci\u00f3n del Instituto de Educaci\u00f3n Superior N\u00b0 816 de la ciudad de Rawson hace el llamado abierto y p\u00fablico para la cobertura de la siguiente Unidad Curricular: &nbsp;Profesorado de Educaci\u00f3n Especial con orientaci\u00f3n en discapacidad Intelectual: 4\u00ba A\u00f1o. UDI. (CFG) Taller. Cuatrimestral. Interino a t\u00e9rmino. 4 hs. Catedra. Temas sugeridos: Funci\u00f3n de la MAI. &#8230; <a title=\"Llamado UC (Prof. Educ. Especial)\" class=\"read-more\" href=\"https:\/\/isfd816-chu.infd.edu.ar\/sitio\/llamado-uc-prof-educ-especial-5\/\" aria-label=\"More on Llamado UC (Prof. Educ. Especial)\">[+]<\/a><\/p>\n","protected":false},"author":9,"featured_media":0,"comment_status":"open","ping_status":"open","sticky":false,"template":"","format":"standard","meta":[],"categories":[1],"tags":[],"acf":[],"_links":{"self":[{"href":"https:\/\/isfd816-chu.infd.edu.ar\/sitio\/wp-json\/wp\/v2\/posts\/2641"}],"collection":[{"href":"https:\/\/isfd816-chu.infd.edu.ar\/sitio\/wp-json\/wp\/v2\/posts"}],"about":[{"href":"https:\/\/isfd816-chu.infd.edu.ar\/sitio\/wp-json\/wp\/v2\/types\/post"}],"author":[{"embeddable":true,"href":"https:\/\/isfd816-chu.infd.edu.ar\/sitio\/wp-json\/wp\/v2\/users\/9"}],"replies":[{"embeddable":true,"href":"https:\/\/isfd816-chu.infd.edu.ar\/sitio\/wp-json\/wp\/v2\/comments?post=2641"}],"version-history":[{"count":1,"href":"https:\/\/isfd816-chu.infd.edu.ar\/sitio\/wp-json\/wp\/v2\/posts\/2641\/revisions"}],"predecessor-version":[{"id":2642,"href":"https:\/\/isfd816-chu.infd.edu.ar\/sitio\/wp-json\/wp\/v2\/posts\/2641\/revisions\/2642"}],"wp:attachment":[{"href":"https:\/\/isfd816-chu.infd.edu.ar\/sitio\/wp-json\/wp\/v2\/media?parent=2641"}],"wp:term":[{"taxonomy":"category","embeddable":true,"href":"https:\/\/isfd816-chu.infd.edu.ar\/sitio\/wp-json\/wp\/v2\/categories?post=2641"},{"taxonomy":"post_tag","embeddable":true,"href":"https:\/\/isfd816-chu.infd.edu.ar\/sitio\/wp-json\/wp\/v2\/tags?post=2641"}],"curies":[{"name":"wp","href":"https:\/\/api.w.org\/{rel}","templated":true}]}}