{"id":2679,"date":"2023-06-29T21:36:15","date_gmt":"2023-06-30T00:36:15","guid":{"rendered":"https:\/\/isfd816-chu.infd.edu.ar\/sitio\/?p=2679"},"modified":"2023-06-29T21:36:16","modified_gmt":"2023-06-30T00:36:16","slug":"llamado-coordinador-desarrollo-profesional","status":"publish","type":"post","link":"https:\/\/isfd816-chu.infd.edu.ar\/sitio\/llamado-coordinador-desarrollo-profesional\/","title":{"rendered":"Llamado Coordinador Desarrollo Profesional"},"content":{"rendered":"\n<p>La Direcci\u00f3n del Instituto de Educaci\u00f3n Superior N\u00b0 816 de la ciudad de Rawson hace el llamado abierto y\u00a0p\u00fablico para la cobertura de la Coordinaci\u00f3n de Desarrollo profesional y apoyo pedag\u00f3gico. La <a href=\"https:\/\/drive.google.com\/file\/d\/1GhMGNi9B6Zcv20M5N4qAvNQyfDQ5zvnw\/view?usp=sharing\">Disposici\u00f3n N\u00b011\/IES 816 2023 <\/a>con la especificidad del concurso, se encuentra disponible en la p\u00e1gina web institucional\u00a0<a rel=\"noreferrer noopener\" href=\"https:\/\/isfd816-chu.infd.edu.ar\/\" target=\"_blank\">https:\/\/isfd816-chu.infd.edu.ar\/<\/a><\/p>\n","protected":false},"excerpt":{"rendered":"<p>La Direcci\u00f3n del Instituto de Educaci\u00f3n Superior N\u00b0 816 de la ciudad de Rawson hace el llamado abierto y\u00a0p\u00fablico para la cobertura de la Coordinaci\u00f3n de Desarrollo profesional y apoyo pedag\u00f3gico. La Disposici\u00f3n N\u00b011\/IES 816 2023 con la especificidad del concurso, se encuentra disponible en la p\u00e1gina web institucional\u00a0https:\/\/isfd816-chu.infd.edu.ar\/<\/p>\n","protected":false},"author":9,"featured_media":1057,"comment_status":"open","ping_status":"open","sticky":true,"template":"","format":"standard","meta":[],"categories":[18,17,16,39],"tags":[9,89],"acf":[],"_links":{"self":[{"href":"https:\/\/isfd816-chu.infd.edu.ar\/sitio\/wp-json\/wp\/v2\/posts\/2679"}],"collection":[{"href":"https:\/\/isfd816-chu.infd.edu.ar\/sitio\/wp-json\/wp\/v2\/posts"}],"about":[{"href":"https:\/\/isfd816-chu.infd.edu.ar\/sitio\/wp-json\/wp\/v2\/types\/post"}],"author":[{"embeddable":true,"href":"https:\/\/isfd816-chu.infd.edu.ar\/sitio\/wp-json\/wp\/v2\/users\/9"}],"replies":[{"embeddable":true,"href":"https:\/\/isfd816-chu.infd.edu.ar\/sitio\/wp-json\/wp\/v2\/comments?post=2679"}],"version-history":[{"count":1,"href":"https:\/\/isfd816-chu.infd.edu.ar\/sitio\/wp-json\/wp\/v2\/posts\/2679\/revisions"}],"predecessor-version":[{"id":2680,"href":"https:\/\/isfd816-chu.infd.edu.ar\/sitio\/wp-json\/wp\/v2\/posts\/2679\/revisions\/2680"}],"wp:featuredmedia":[{"embeddable":true,"href":"https:\/\/isfd816-chu.infd.edu.ar\/sitio\/wp-json\/wp\/v2\/media\/1057"}],"wp:attachment":[{"href":"https:\/\/isfd816-chu.infd.edu.ar\/sitio\/wp-json\/wp\/v2\/media?parent=2679"}],"wp:term":[{"taxonomy":"category","embeddable":true,"href":"https:\/\/isfd816-chu.infd.edu.ar\/sitio\/wp-json\/wp\/v2\/categories?post=2679"},{"taxonomy":"post_tag","embeddable":true,"href":"https:\/\/isfd816-chu.infd.edu.ar\/sitio\/wp-json\/wp\/v2\/tags?post=2679"}],"curies":[{"name":"wp","href":"https:\/\/api.w.org\/{rel}","templated":true}]}}