{"id":2696,"date":"2023-08-04T20:39:40","date_gmt":"2023-08-04T23:39:40","guid":{"rendered":"https:\/\/isfd816-chu.infd.edu.ar\/sitio\/?p=2696"},"modified":"2023-08-04T20:39:42","modified_gmt":"2023-08-04T23:39:42","slug":"llamado-docente-tec-adm-publica","status":"publish","type":"post","link":"https:\/\/isfd816-chu.infd.edu.ar\/sitio\/llamado-docente-tec-adm-publica\/","title":{"rendered":"Llamado docente (Tec. Adm. p\u00fablica)"},"content":{"rendered":"\n<p>La Direcci\u00f3n del Instituto de Educaci\u00f3n Superior N\u00b0 816 de la ciudad de Rawson hace el llamado abierto y p\u00fablico para la cobertura de las siguientes Unidades Curriculares:<\/p>\n\n\n\n<p><br><strong>TECNICATURA EN ADMINISTRACI\u00d3N PUBLICA Y DESARROLLO LOCAL<\/strong><\/p>\n\n\n\n<p><br><strong>1\u00b0 a\u00f1o. Estad\u00edstica b\u00e1sica. Taller. Cuatrimestral. Suplencia.<\/strong> 5 hs. Dia de cursada: lunes 17:40 a 19:50 hs. Y viernes de 17 a 18:20 hs. Perfil profesional: Licenciado en Estad\u00edstica; Licenciado o profesor en Sociolog\u00eda, Profesor de Matem\u00e1tica, profesional especializado en estad\u00edstica, profesional con t\u00edtulo habilitante preferentemente con experiencia en administraci\u00f3n p\u00fablica.<\/p>\n\n\n\n<p>Se deber\u00e1 presentar nota de adhesi\u00f3n al proyecto, y CV con formato que figura en la web (EXCLUYENTE) Declaraci\u00f3n jurada de cargos y documentaci\u00f3n respaldatoria, si no consta en el legajo institucional.<\/p>\n\n\n\n<p><strong>1\u00ba a\u00f1o. Pol\u00edtica, sociedad y Estado. Modulo. Anual. Suplencia.<\/strong> 3 hs. D\u00eda de cursada: jueves de 19:10 a 21:20 hs. Perfil docente: Licenciado o profesor en Ciencias Pol\u00edticas; Licenciado o profesor en Sociolog\u00eda, profesional con t\u00edtulo habilitante preferentemente con experiencia en administraci\u00f3n p\u00fablica.<\/p>\n\n\n\n<p>Se deber\u00e1 presentar nota de adhesi\u00f3n al proyecto, y CV con formato que figura en la web (EXCLUYENTE) Declaraci\u00f3n jurada de cargos y documentaci\u00f3n respaldatoria, si no consta en el legajo institucional.<\/p>\n\n\n\n<p><strong>1\u00ba a\u00f1o. EDI 1 -Lectura y escritura acad\u00e9mica- Taller. Anual. Suplencia.<\/strong> 3 hs. Dia de cursada: jueves de 17 a 19:10 hs. Perfil docente: Profesor\/a o Licenciado\/a en Lengua y Literatura; Letras; Castellano, o Literatura y lat\u00edn.<\/p>\n\n\n\n<p>Se deber\u00e1 presentar nota de adhesi\u00f3n al proyecto, y CV con formato que figura en la web (EXCLUYENTE) Declaraci\u00f3n jurada de cargos y documentaci\u00f3n respaldatoria, si no consta en el legajo institucional.<\/p>\n\n\n\n<p><strong>3\u00ba a\u00f1o. Comunicaci\u00f3n en las organizaciones. Taller. Cuatrimestral. Suplencia.<\/strong> 4 hs. Dia de cursada: mi\u00e9rcoles 17 a 19:50 hs. Perfil profesional: Licenciado en Comunicaci\u00f3n social; Licenciado en Administraci\u00f3n, profesional con alcance de t\u00edtulo.<\/p>\n\n\n\n<p>Se deber\u00e1 presentar nota de adhesi\u00f3n al proyecto, y CV con formato que figura en la web (EXCLUYENTE) Declaraci\u00f3n jurada de cargos y documentaci\u00f3n respaldatoria, si no consta en el legajo institucional.<\/p>\n\n\n\n<p><strong>3\u00ba a\u00f1o. PROCESOS POL\u00cdTICOS &#8211; ECON\u00d3MICOS DEL MUNDO DEL TRABAJO ACTUAL. Seminario. Cuatrimestral. Interino.<\/strong> 4 hs. Dia de cursada: martes de 17 a 19:50 hs. Perfil docente: Licenciado o profesor en Econom\u00eda; Licenciado o profesor en Sociolog\u00eda, Licenciado en Administraci\u00f3n, profesional con t\u00edtulo habilitante preferentemente con experiencia en administraci\u00f3n p\u00fablica.<\/p>\n\n\n\n<p>Se deber\u00e1 presentar Proyecto en sobre cerrado, Proyecto firmado con un seud\u00f3nimo. En el exterior se colocar\u00e1 seud\u00f3nimo y la Unidad Curricular a la cual se presenta, adem\u00e1s, abrochado, un sobre con el mismo seud\u00f3nimo que adentro contendr\u00e1 DNI, CV con el formato que figura en la web (excluyente), certificaci\u00f3n de servicios y documentaci\u00f3n respaldatoria (si no consta en el legajo que obra en la instituci\u00f3n).<\/p>\n\n\n\n<p>Finalizaci\u00f3n del llamado: <strong>8 de agosto<\/strong>. Presentar en Administraci\u00f3n, Federicci y Vuelta de Obligado, Escuela 7705, de 19 hs a 21 hs.<br>Consultar Dise\u00f1o curricular, modelos de presentaci\u00f3n de CV y grilla tipo, en la p\u00e1gina web: isfd816-chu.infd.edu.ar<\/p>\n","protected":false},"excerpt":{"rendered":"<p>La Direcci\u00f3n del Instituto de Educaci\u00f3n Superior N\u00b0 816 de la ciudad de Rawson hace el llamado abierto y p\u00fablico para la cobertura de las siguientes Unidades Curriculares: TECNICATURA EN ADMINISTRACI\u00d3N PUBLICA Y DESARROLLO LOCAL 1\u00b0 a\u00f1o. Estad\u00edstica b\u00e1sica. Taller. Cuatrimestral. Suplencia. 5 hs. Dia de cursada: lunes 17:40 a 19:50 hs. Y viernes de &#8230; <a title=\"Llamado docente (Tec. Adm. p\u00fablica)\" class=\"read-more\" href=\"https:\/\/isfd816-chu.infd.edu.ar\/sitio\/llamado-docente-tec-adm-publica\/\" aria-label=\"More on Llamado docente (Tec. Adm. p\u00fablica)\">[+]<\/a><\/p>\n","protected":false},"author":9,"featured_media":1059,"comment_status":"open","ping_status":"open","sticky":false,"template":"","format":"standard","meta":[],"categories":[17,16,39],"tags":[9],"acf":[],"_links":{"self":[{"href":"https:\/\/isfd816-chu.infd.edu.ar\/sitio\/wp-json\/wp\/v2\/posts\/2696"}],"collection":[{"href":"https:\/\/isfd816-chu.infd.edu.ar\/sitio\/wp-json\/wp\/v2\/posts"}],"about":[{"href":"https:\/\/isfd816-chu.infd.edu.ar\/sitio\/wp-json\/wp\/v2\/types\/post"}],"author":[{"embeddable":true,"href":"https:\/\/isfd816-chu.infd.edu.ar\/sitio\/wp-json\/wp\/v2\/users\/9"}],"replies":[{"embeddable":true,"href":"https:\/\/isfd816-chu.infd.edu.ar\/sitio\/wp-json\/wp\/v2\/comments?post=2696"}],"version-history":[{"count":1,"href":"https:\/\/isfd816-chu.infd.edu.ar\/sitio\/wp-json\/wp\/v2\/posts\/2696\/revisions"}],"predecessor-version":[{"id":2697,"href":"https:\/\/isfd816-chu.infd.edu.ar\/sitio\/wp-json\/wp\/v2\/posts\/2696\/revisions\/2697"}],"wp:featuredmedia":[{"embeddable":true,"href":"https:\/\/isfd816-chu.infd.edu.ar\/sitio\/wp-json\/wp\/v2\/media\/1059"}],"wp:attachment":[{"href":"https:\/\/isfd816-chu.infd.edu.ar\/sitio\/wp-json\/wp\/v2\/media?parent=2696"}],"wp:term":[{"taxonomy":"category","embeddable":true,"href":"https:\/\/isfd816-chu.infd.edu.ar\/sitio\/wp-json\/wp\/v2\/categories?post=2696"},{"taxonomy":"post_tag","embeddable":true,"href":"https:\/\/isfd816-chu.infd.edu.ar\/sitio\/wp-json\/wp\/v2\/tags?post=2696"}],"curies":[{"name":"wp","href":"https:\/\/api.w.org\/{rel}","templated":true}]}}