{"id":2698,"date":"2023-08-04T23:38:00","date_gmt":"2023-08-05T02:38:00","guid":{"rendered":"https:\/\/isfd816-chu.infd.edu.ar\/sitio\/?p=2698"},"modified":"2023-08-07T06:41:49","modified_gmt":"2023-08-07T09:41:49","slug":"llamado-docente-prof-educ-tecnol","status":"publish","type":"post","link":"https:\/\/isfd816-chu.infd.edu.ar\/sitio\/llamado-docente-prof-educ-tecnol\/","title":{"rendered":"Llamado docente (Prof. Educ. Tecnol.)"},"content":{"rendered":"\n<p>La Direcci\u00f3n del Instituto de Educaci\u00f3n Superior N\u00b0 816 de la ciudad de Rawson hace el llamado abierto y p\u00fablico para la cobertura de las siguientes Unidades Curriculares:<\/p>\n\n\n\n<p><br><strong><em>Profesorado de Educaci\u00f3n Tecnol\u00f3gica<\/em><\/strong>:<\/p>\n\n\n\n<p><strong>1\u00ba a\u00f1o. Lectura y Escritura acad\u00e9mica. Suplencia. Taller. Anual. <\/strong>4 hs. Horario de cursada: mi\u00e9rcoles de 20,40 a 22,40 hs. Perfil docente: Profesor\/a o Licenciado\/a en Lengua y Literatura; Letras; Castellano, o Literatura y lat\u00edn.<br>Se deber\u00e1 presentar nota de adhesi\u00f3n al proyecto, y CV con formato que figura en la web (EXCLUYENTE) Declaraci\u00f3n jurada de cargos y documentaci\u00f3n respaldatoria, si no consta en el legajo institucional.<\/p>\n\n\n\n<p><strong>4\u00ba A\u00f1o. Reflexi\u00f3n sobre el conocimiento tecnol\u00f3gico. Cuatrimestral. Seminario.4 hs. Interino. <\/strong>Perfil docente: Profesor u otro profesional con formaci\u00f3n y\/o experiencia en los campos disciplinares de la Filosof\u00eda, la Antropolog\u00eda o la Sociolog\u00eda de la T\u00e9cnica y la Tecnolog\u00eda.<br>Se deber\u00e1 presentar Proyecto en sobre cerrado, Proyecto firmado con un seud\u00f3nimo. En el exterior se colocar\u00e1 seud\u00f3nimo y la Unidad Curricular a la cual se presenta, adem\u00e1s, abrochado, un sobre con el mismo seud\u00f3nimo que adentro contendr\u00e1 DNI, CV con el formato que figura en la web (excluyente), certificaci\u00f3n de servicios y documentaci\u00f3n respaldatoria (si no consta en el legajo que obra en la instituci\u00f3n).<\/p>\n\n\n\n<p><strong>4\u00ba A\u00f1o: Investigaci\u00f3n e innovaci\u00f3n tecnol\u00f3gica. Seminario. Cuatrimestral. 4 hs. Interino<\/strong>. Perfil docente: Profesor de Educaci\u00f3n Tecnol\u00f3gica\/ Tecnolog\u00eda u otro profesional con experiencia y\/o formaci\u00f3n en procesos de investigaci\u00f3n e innovaci\u00f3n tecnol\u00f3gica.<br>Se deber\u00e1 presentar Proyecto en sobre cerrado, Proyecto firmado con un seud\u00f3nimo. En el exterior se colocar\u00e1 seud\u00f3nimo y la Unidad Curricular a la cual se presenta, adem\u00e1s, abrochado, un sobre con el mismo seud\u00f3nimo que adentro contendr\u00e1 DNI, CV con el formato que figura en la web (excluyente), certificaci\u00f3n de servicios y documentaci\u00f3n respaldatoria (si no consta en el legajo que obra en la instituci\u00f3n).<\/p>\n\n\n\n<p><strong>4\u00ba a\u00f1o. Unidad de Definici\u00f3n Institucional (UDI). Uso de la voz. Cuatrimestral. 3 Hs. Interino<\/strong>. Perfil docente: Profesor y\/o licenciado en fonoaudiolog\u00eda con experiencia y\/o formaci\u00f3n en expresi\u00f3n corporal.<br>Se deber\u00e1 presentar Proyecto en sobre cerrado, Proyecto firmado con un seud\u00f3nimo. En el exterior se colocar\u00e1 seud\u00f3nimo y la Unidad Curricular a la cual se presenta, adem\u00e1s, abrochado, un sobre con el mismo seud\u00f3nimo que adentro contendr\u00e1 DNI, CV con el formato que figura en la web (excluyente), certificaci\u00f3n de servicios y documentaci\u00f3n respaldatoria (si no consta en el legajo que obra en la instituci\u00f3n).<br>Finalizaci\u00f3n del llamado: 9 de agosto. Presentar en Administraci\u00f3n, Federicci y Vuelta de Obligado, Escuela 7705, de 19:00 hs a 21:00hs.<br>Consultar Dise\u00f1os curriculares, modelos de presentaci\u00f3n de CV y grilla tipo, en la p\u00e1gina web: isfd816-chu.infd.edu.ar<\/p>\n","protected":false},"excerpt":{"rendered":"<p>La Direcci\u00f3n del Instituto de Educaci\u00f3n Superior N\u00b0 816 de la ciudad de Rawson hace el llamado abierto y p\u00fablico para la cobertura de las siguientes Unidades Curriculares: Profesorado de Educaci\u00f3n Tecnol\u00f3gica: 1\u00ba a\u00f1o. Lectura y Escritura acad\u00e9mica. Suplencia. Taller. Anual. 4 hs. Horario de cursada: mi\u00e9rcoles de 20,40 a 22,40 hs. Perfil docente: Profesor\/a &#8230; <a title=\"Llamado docente (Prof. Educ. Tecnol.)\" class=\"read-more\" href=\"https:\/\/isfd816-chu.infd.edu.ar\/sitio\/llamado-docente-prof-educ-tecnol\/\" aria-label=\"More on Llamado docente (Prof. Educ. Tecnol.)\">[+]<\/a><\/p>\n","protected":false},"author":9,"featured_media":1060,"comment_status":"open","ping_status":"open","sticky":false,"template":"","format":"standard","meta":[],"categories":[17,16],"tags":[9],"acf":[],"_links":{"self":[{"href":"https:\/\/isfd816-chu.infd.edu.ar\/sitio\/wp-json\/wp\/v2\/posts\/2698"}],"collection":[{"href":"https:\/\/isfd816-chu.infd.edu.ar\/sitio\/wp-json\/wp\/v2\/posts"}],"about":[{"href":"https:\/\/isfd816-chu.infd.edu.ar\/sitio\/wp-json\/wp\/v2\/types\/post"}],"author":[{"embeddable":true,"href":"https:\/\/isfd816-chu.infd.edu.ar\/sitio\/wp-json\/wp\/v2\/users\/9"}],"replies":[{"embeddable":true,"href":"https:\/\/isfd816-chu.infd.edu.ar\/sitio\/wp-json\/wp\/v2\/comments?post=2698"}],"version-history":[{"count":1,"href":"https:\/\/isfd816-chu.infd.edu.ar\/sitio\/wp-json\/wp\/v2\/posts\/2698\/revisions"}],"predecessor-version":[{"id":2700,"href":"https:\/\/isfd816-chu.infd.edu.ar\/sitio\/wp-json\/wp\/v2\/posts\/2698\/revisions\/2700"}],"wp:featuredmedia":[{"embeddable":true,"href":"https:\/\/isfd816-chu.infd.edu.ar\/sitio\/wp-json\/wp\/v2\/media\/1060"}],"wp:attachment":[{"href":"https:\/\/isfd816-chu.infd.edu.ar\/sitio\/wp-json\/wp\/v2\/media?parent=2698"}],"wp:term":[{"taxonomy":"category","embeddable":true,"href":"https:\/\/isfd816-chu.infd.edu.ar\/sitio\/wp-json\/wp\/v2\/categories?post=2698"},{"taxonomy":"post_tag","embeddable":true,"href":"https:\/\/isfd816-chu.infd.edu.ar\/sitio\/wp-json\/wp\/v2\/tags?post=2698"}],"curies":[{"name":"wp","href":"https:\/\/api.w.org\/{rel}","templated":true}]}}