{"id":2750,"date":"2023-11-02T21:33:16","date_gmt":"2023-11-03T00:33:16","guid":{"rendered":"https:\/\/isfd816-chu.infd.edu.ar\/sitio\/?p=2750"},"modified":"2023-11-02T21:33:17","modified_gmt":"2023-11-03T00:33:17","slug":"llamado-uc-prof-educ-fisica","status":"publish","type":"post","link":"https:\/\/isfd816-chu.infd.edu.ar\/sitio\/llamado-uc-prof-educ-fisica\/","title":{"rendered":"Llamado UC (Prof. Educ. F\u00edsica)"},"content":{"rendered":"\n<p>La Direcci\u00f3n del Instituto de Educaci\u00f3n Superior N\u00b0 816 de la ciudad de Rawson hace el llamado abierto y p\u00fablico para la cobertura de las siguientes Unidades Curriculares 2024:<\/p>\n\n\n\n<p><br><strong>PROFESORADO DE EDUCACI\u00d3N F\u00cdSICA:<\/strong><\/p>\n\n\n\n<p><br><em>1\u00ba A\u00f1o. Comisi\u00f3n 1<\/em><br><strong>BIOLOG\u00cdA HUMANA. <\/strong>Asignatura. Interino. Anual. 3 hs. C\u00e1tedra. Horario de cursada: martes 17 a 19:10 hs. Perfil docente: se debe conformar pareja pedag\u00f3gica con un\/a profesional del \u00e1rea de la salud (m\u00e9dico\/a, deport\u00f3logo\/a, kinesi\u00f3logo\/a, u otro) y un\/a profesor\/a o licenciado\/a en Educaci\u00f3n F\u00edsica con especializaci\u00f3n y\/o experiencia en el \u00e1rea.<br><strong>PR\u00c1CTICAS CORPORALES EXPRESIVO COMUNICATIVAS<\/strong>. Taller. Interino. Anual. 2 hs. C\u00e1tedra. Horario de cursada: Lunes 17 a 18:20 hs. Perfil docente: Se debe conformar pareja pedag\u00f3gica con un profesor\/a o Licenciado\/a en Educaci\u00f3n f\u00edsica que acredite formaci\u00f3n en el lenguaje art\u00edstico de la danza y un profesor\/a o licenciado\/a en Educaci\u00f3n F\u00edsica que acredite formaci\u00f3n en el lenguaje art\u00edstico de la expresi\u00f3n corporal y\/o el teatro.<br><strong>PR\u00c1CTICAS LUDOMOTRICES Y RECREATIVAS<\/strong>. Taller. Anual. Interino. 2 hs. C\u00e1tedra. Horario de cursada: jueves 20:40 a 22 hs. Perfil docente: se debe conformar pareja pedag\u00f3gica con un\/a profesor o licenciado\/a en Educaci\u00f3n f\u00edsica que acredite ense\u00f1anza en los niveles obligatorios del sistema educativo, y un\/a profesional que acredite formaci\u00f3n y experiencia en pr\u00e1cticas ludomotrices y recreativas en contextos socioeducativos.<br><strong>TALLER DE INTEGRACI\u00d3N I. <\/strong>Taller. Anual. Interino. 2 hs. C\u00e1tedra. Horario de cursada: jueves 19:10 a 20:40 hs. Perfil docente: se debe conformar pareja pedag\u00f3gica con un\/a profesor o licenciado\/a en Educaci\u00f3n f\u00edsica que acredite ense\u00f1anza en los niveles obligatorios del sistema educativo y\/o en contextos sociocomunitarios educativos; y un\/a profesor\/a o licenciado\/a con formaci\u00f3n en ciencias sociales o humanas con orientaci\u00f3n y\/o experiencia en Educaci\u00f3n.<br><strong>Pr\u00e1ctica Profesional Docente I. <\/strong>Pr\u00e1cticas Docentes. Anual. Interino. 4 hs. C\u00e1tedra. Horario de cursada: lunes 18:30 a 21:20 hs. Perfil docente: se debe conformar pareja pedag\u00f3gica con un\/a profesor\/a o licenciado\/a en Educaci\u00f3n F\u00edsica que tenga conocimiento y\/o experiencia en los niveles de la educaci\u00f3n formal, y un\/a profesional con formaci\u00f3n en Ciencias de la Educaci\u00f3n, Psicopedagog\u00eda o afines.<br><strong>PR\u00c1CTICAS PSICOMOTRICES<\/strong> (Nataci\u00f3n, Atletismo, Gimnasia) Seminario-Taller. Anual. Interino 2 hs. C\u00e1tedra. Presentar proyecto \u00fanico con el total de docentes (6 seis) que contenga el programa diferenciado de cada taller, pero con el abordaje de contenidos y criterios de evaluaci\u00f3n comunes. Es importante destacar que se requiere disponibilidad y flexibilidad horaria para cursadas. Perfil docente:<br><strong>\u2022 Taller de Nataci\u00f3n:<\/strong> se debe conformar una pareja pedag\u00f3gica con un\/a profesor\/a o licenciado\/a en Educaci\u00f3n F\u00edsica con postulaci\u00f3n y\/o formaci\u00f3n y experiencia de ense\u00f1anza de la Nataci\u00f3n en el \u00e1mbito no escolarizado; y un\/a profesor\/a o licenciado\/a en Educaci\u00f3n F\u00edsica con postulaci\u00f3n y\/o formaci\u00f3n en Nataci\u00f3n y experiencia en ense\u00f1anza en los niveles obligatorios del sistema educativo.<br>\u2022<strong> Taller de Atletismo: <\/strong>se debe conformar pareja pedag\u00f3gica con un\/a profesor\/a o licenciado\/a en Educaci\u00f3n F\u00edsica con postulaci\u00f3n y\/o formaci\u00f3n y experiencia de la ense\u00f1anza del Atletismo en el \u00e1mbito no escolarizado; y un\/a profesor o licenciado\/a en Educaci\u00f3n f\u00edsica con postulaci\u00f3n y\/o formaci\u00f3n en nataci\u00f3n y experiencia en ense\u00f1anza en los niveles obligatorios del sistema educativo.<br><strong>\u2022 Taller de Gimnasia:<\/strong> se debe conformar pareja pedag\u00f3gica con un\/a profesor\/a o licenciado\/a en Educaci\u00f3n F\u00edsica con postulaci\u00f3n y\/o formaci\u00f3n y experiencia de la ense\u00f1anza de la Gimnasia en el \u00e1mbito no escolarizado; y un\/a profesor o licenciado\/a en Educaci\u00f3n f\u00edsica con postulaci\u00f3n y\/o formaci\u00f3n en Gimnasia y experiencia en ense\u00f1anza en los niveles obligatorios del sistema educativo.<br><strong>PR\u00c1CTICAS SOCIOMOTRICES<\/strong> (H\u00e1ndball, Basquetbol, V\u00f3leibol) Seminario-Taller. Anual. Interino 2 hs. C\u00e1tedra. Presentar proyecto \u00fanico con el total de docentes (6 seis) que contenga el programa diferenciado de cada taller, pero con el abordaje de contenidos y criterios de evaluaci\u00f3n comunes. Es importante destacar que se requiere disponibilidad y flexibilidad horaria para cursadas. Perfil docente:<br><strong>\u2022 Taller de Handball: <\/strong>se debe conformar una pareja pedag\u00f3gica con un\/a profesor\/a o licenciado\/a en Educaci\u00f3n F\u00edsica con postulaci\u00f3n y\/o formaci\u00f3n y experiencia de ense\u00f1anza en H\u00e1ndball en el \u00e1mbito no escolarizado; y un\/a profesor\/a o licenciado\/a en Educaci\u00f3n F\u00edsica con postulaci\u00f3n y\/o formaci\u00f3n en H\u00e1ndball y experiencia en ense\u00f1anza en los niveles obligatorios del sistema educativo.<br><strong>\u2022 Taller de B\u00e1squetbol: <\/strong>se debe conformar una pareja pedag\u00f3gica con un\/a profesor\/a o licenciado\/a en Educaci\u00f3n F\u00edsica con postulaci\u00f3n y\/o formaci\u00f3n y experiencia de ense\u00f1anza en B\u00e1squetbol en el \u00e1mbito no escolarizado; y un\/a profesor\/a o licenciado\/a en Educaci\u00f3n F\u00edsica con postulaci\u00f3n y\/o formaci\u00f3n en B\u00e1squetbol y experiencia en ense\u00f1anza en los niveles obligatorios del sistema educativo.<br><strong>\u2022 Taller de V\u00f3leibol:<\/strong> se debe conformar una pareja pedag\u00f3gica con un\/a profesor\/a o licenciado\/a en Educaci\u00f3n F\u00edsica con postulaci\u00f3n y\/o formaci\u00f3n y experiencia de ense\u00f1anza en V\u00f3leibol en el \u00e1mbito no escolarizado; y un\/a profesor\/a o licenciado\/a en Educaci\u00f3n F\u00edsica con postulaci\u00f3n y\/o formaci\u00f3n en V\u00f3leibol y experiencia en ense\u00f1anza en los niveles obligatorios del sistema educativo.<br>Para todas las UC, se deber\u00e1 presentar Proyecto en sobre cerrado (modelo de proyecto que figura en la web), Proyecto firmado con un seud\u00f3nimo. En el exterior se colocar\u00e1 seud\u00f3nimo, Comisi\u00f3n y la Unidad Curricular a la cual se presenta, adem\u00e1s, abrochado, un sobre con el mismo seud\u00f3nimo que adentro contendr\u00e1 DNI, CV con el formato que figura en la web (excluyente), certificaciones de servicio y documentaci\u00f3n respaldatoria (si no consta en el legajo que obra en la instituci\u00f3n).<br>Finalizaci\u00f3n del llamado: 9 de noviembre. Presentar en Administraci\u00f3n, Federicci y Vuelta de Obligado, Escuela 7705, de 19:00 hs a 21:00hs.<br>Consultar Dise\u00f1o curricular, modelos de presentaci\u00f3n de CV y grilla tipo, en la p\u00e1gina web: <a href=\"https:\/\/isfd816-chu.infd.edu.ar\/\" target=\"_blank\" rel=\"noreferrer noopener\">isfd816-chu.infd.edu.ar <\/a><\/p>\n","protected":false},"excerpt":{"rendered":"<p>La Direcci\u00f3n del Instituto de Educaci\u00f3n Superior N\u00b0 816 de la ciudad de Rawson hace el llamado abierto y p\u00fablico para la cobertura de las siguientes Unidades Curriculares 2024: PROFESORADO DE EDUCACI\u00d3N F\u00cdSICA: 1\u00ba A\u00f1o. Comisi\u00f3n 1BIOLOG\u00cdA HUMANA. Asignatura. Interino. Anual. 3 hs. C\u00e1tedra. Horario de cursada: martes 17 a 19:10 hs. Perfil docente: se &#8230; <a title=\"Llamado UC (Prof. Educ. F\u00edsica)\" class=\"read-more\" href=\"https:\/\/isfd816-chu.infd.edu.ar\/sitio\/llamado-uc-prof-educ-fisica\/\" aria-label=\"More on Llamado UC (Prof. Educ. F\u00edsica)\">[+]<\/a><\/p>\n","protected":false},"author":9,"featured_media":1055,"comment_status":"open","ping_status":"open","sticky":false,"template":"","format":"standard","meta":[],"categories":[17,16,39],"tags":[9,89,111],"acf":[],"_links":{"self":[{"href":"https:\/\/isfd816-chu.infd.edu.ar\/sitio\/wp-json\/wp\/v2\/posts\/2750"}],"collection":[{"href":"https:\/\/isfd816-chu.infd.edu.ar\/sitio\/wp-json\/wp\/v2\/posts"}],"about":[{"href":"https:\/\/isfd816-chu.infd.edu.ar\/sitio\/wp-json\/wp\/v2\/types\/post"}],"author":[{"embeddable":true,"href":"https:\/\/isfd816-chu.infd.edu.ar\/sitio\/wp-json\/wp\/v2\/users\/9"}],"replies":[{"embeddable":true,"href":"https:\/\/isfd816-chu.infd.edu.ar\/sitio\/wp-json\/wp\/v2\/comments?post=2750"}],"version-history":[{"count":1,"href":"https:\/\/isfd816-chu.infd.edu.ar\/sitio\/wp-json\/wp\/v2\/posts\/2750\/revisions"}],"predecessor-version":[{"id":2752,"href":"https:\/\/isfd816-chu.infd.edu.ar\/sitio\/wp-json\/wp\/v2\/posts\/2750\/revisions\/2752"}],"wp:featuredmedia":[{"embeddable":true,"href":"https:\/\/isfd816-chu.infd.edu.ar\/sitio\/wp-json\/wp\/v2\/media\/1055"}],"wp:attachment":[{"href":"https:\/\/isfd816-chu.infd.edu.ar\/sitio\/wp-json\/wp\/v2\/media?parent=2750"}],"wp:term":[{"taxonomy":"category","embeddable":true,"href":"https:\/\/isfd816-chu.infd.edu.ar\/sitio\/wp-json\/wp\/v2\/categories?post=2750"},{"taxonomy":"post_tag","embeddable":true,"href":"https:\/\/isfd816-chu.infd.edu.ar\/sitio\/wp-json\/wp\/v2\/tags?post=2750"}],"curies":[{"name":"wp","href":"https:\/\/api.w.org\/{rel}","templated":true}]}}