{"id":2760,"date":"2023-11-13T20:22:02","date_gmt":"2023-11-13T23:22:02","guid":{"rendered":"https:\/\/isfd816-chu.infd.edu.ar\/sitio\/?p=2760"},"modified":"2023-11-13T20:22:04","modified_gmt":"2023-11-13T23:22:04","slug":"llamado-uc-prof-matematica-8","status":"publish","type":"post","link":"https:\/\/isfd816-chu.infd.edu.ar\/sitio\/llamado-uc-prof-matematica-8\/","title":{"rendered":"Llamado UC (Prof. matem\u00e1tica)"},"content":{"rendered":"\n<p>La Direcci\u00f3n del Instituto de Educaci\u00f3n Superior N\u00b0 816 de la ciudad de Rawson hace el llamado abierto y p\u00fablico para la cobertura de las siguientes Unidades Curriculares 2024:<\/p>\n\n\n\n<p><strong>3\u00ba A\u00d1O DEL PROFESORADO DE EDUCACI\u00d3N SECUNDARIA EN MATEM\u00c1TICA:<\/strong><\/p>\n\n\n\n<p><strong>INVESTIGACI\u00d3N EDUCATIVA<\/strong>: Seminario \u2013taller. Anual. 3 horas c\u00e1tedras +1 de articulaci\u00f3n c\/u. Perfil docente: Se debe conformar una pareja pedag\u00f3gica con un\/a profesor que acredite Investigaci\u00f3n en la Ense\u00f1anza de la Matem\u00e1tica y un\/a decente de Ciencias de la Educaci\u00f3n que acredite experiencia en Investigaci\u00f3n Educativa.<\/p>\n\n\n\n<p><strong>SOCIOLOG\u00cdA DE LA EDUCACI\u00d3N<\/strong>: Asignatura. Cuatrimestral. 4 horas c\u00e1tedras + 1 de articulaci\u00f3n. Perfil docente: Formaci\u00f3n espec\u00edfica en Sociolog\u00eda con orientaci\u00f3n\/experiencia en \u00e1rea de educaci\u00f3n. Formaci\u00f3n en Ciencias de la Educaci\u00f3n con orientaci\u00f3n\/experiencia en \u00e1rea de Sociolog\u00eda de la Educaci\u00f3n.<\/p>\n\n\n\n<p><strong>AN\u00c1LISIS Y TRATAMIENTO DE LA INFORMACI\u00d3N<\/strong>: Asignatura. Anual. 3 horas c\u00e1tedras + 1 de articulaci\u00f3n. Perfil docente: Profesor de matem\u00e1tica.<\/p>\n\n\n\n<p><strong>DID\u00c1CTICA DE LA MATEM\u00c1TICA II<\/strong>: Asignatura. Anual. 5 horas c\u00e1tedras + 1 de articulaci\u00f3n c\/u. Perfil docente: se debe conformar una pareja pedag\u00f3gica con un\/a Profesor de Matem\u00e1tica con experiencia en el Nivel Secundario y un\/a profesional de Ciencias de la Educaci\u00f3n o profesor que acredite postitulaci\u00f3n en Did\u00e1ctica de la matem\u00e1tica.<\/p>\n\n\n\n<p><strong>AN\u00c1LISIS MATEMATICO EN VAIRAS VARIABLES<\/strong>: Asignatura. Anual. 4 horas c\u00e1tedras + 1 de articulaci\u00f3n. Perfil docente: Profesor de Matem\u00e1tica.<\/p>\n\n\n\n<p><strong>ESTRUCTURAS ALGEBRAICAS<\/strong>: Asignatura. Anual. 3 horas c\u00e1tedras + 1 de articulaci\u00f3n. Perfil docente: Profesor de Matem\u00e1tica.<\/p>\n\n\n\n<p><strong>EL LENGUAJE ALGEBRAICO EN LA GEOMETR\u00cdA<\/strong>: Asignatura. Anual. 4 horas c\u00e1tedras + 1 de articulaci\u00f3n. Perfil docente: Profesor de Matem\u00e1tica.<\/p>\n\n\n\n<p><strong>RESOLUCI\u00d3N DE PROBLEMAS MEDIADOS POR TIC<\/strong>: Asignatura. Taller. 3 horas c\u00e1tedras + 1 de articulaci\u00f3n. Perfil docente: Profesor de Matem\u00e1tica que acredite formaci\u00f3n continua en Educaci\u00f3n y TIC.<\/p>\n\n\n\n<p><strong>PR\u00c1CTICA DOCENTE III<\/strong>: Asignatura. Anual. 8 horas c\u00e1tedras + 1 de articulaci\u00f3n c\/u. Perfil docente: se debe conformar un equipo un profesor de la disciplina que acredite formaci\u00f3n continua en ense\u00f1anza de la Matem\u00e1tica; un\/a profesor\/licenciado en Ciencias de la Educaci\u00f3n; y un\/a profesor\/a de Educaci\u00f3n Especial. En todos los casos se priorizar\u00e1 la experiencia en el nivel secundario.<br>\u00a0<br>Para todas las UC, se deber\u00e1 presentar Proyecto en sobre cerrado (modelo de proyecto que figura en la web), Proyecto firmado con un seud\u00f3nimo. En el exterior se colocar\u00e1 seud\u00f3nimo, Comisi\u00f3n y la Unidad Curricular a la cual se presenta, adem\u00e1s, abrochado, un sobre con el mismo seud\u00f3nimo que adentro contendr\u00e1 DNI, <a href=\"https:\/\/docs.google.com\/document\/d\/1cb1v171rwQPqKje8WE4zUh9kiA1Z9lFMm3lxG5UZ1Dk\/edit?usp=sharing\" target=\"_blank\" rel=\"noreferrer noopener\">CV con el formato que figura en la web (excluyente)<\/a>, certificaciones de servicio y documentaci\u00f3n respaldatoria (si no consta en el legajo que obra en la instituci\u00f3n).<\/p>\n\n\n\n<p><strong>Finalizaci\u00f3n del llamado: 21 de noviembre<\/strong>. Presentar en Administraci\u00f3n, Federicci y Vuelta de Obligado, Escuela 7705, de <strong><em>19:00 hs a 21:00hs.<\/em><\/strong><br>Consultar Dise\u00f1o curricular, modelos de presentaci\u00f3n de CV y grilla tipo, en la p\u00e1gina web: <a href=\"https:\/\/isfd816-chu.infd.edu.ar\/sitio\/pautas-de-presentacion-de-proyectos-para-la-cobertura-de-unidades-curriculares\/\" target=\"_blank\" rel=\"noreferrer noopener\">isfd816-chu.infd.edu.ar<\/a><\/p>\n","protected":false},"excerpt":{"rendered":"<p>La Direcci\u00f3n del Instituto de Educaci\u00f3n Superior N\u00b0 816 de la ciudad de Rawson hace el llamado abierto y p\u00fablico para la cobertura de las siguientes Unidades Curriculares 2024: 3\u00ba A\u00d1O DEL PROFESORADO DE EDUCACI\u00d3N SECUNDARIA EN MATEM\u00c1TICA: INVESTIGACI\u00d3N EDUCATIVA: Seminario \u2013taller. Anual. 3 horas c\u00e1tedras +1 de articulaci\u00f3n c\/u. Perfil docente: Se debe conformar &#8230; <a title=\"Llamado UC (Prof. matem\u00e1tica)\" class=\"read-more\" href=\"https:\/\/isfd816-chu.infd.edu.ar\/sitio\/llamado-uc-prof-matematica-8\/\" aria-label=\"More on Llamado UC (Prof. matem\u00e1tica)\">[+]<\/a><\/p>\n","protected":false},"author":9,"featured_media":1060,"comment_status":"open","ping_status":"open","sticky":true,"template":"","format":"standard","meta":[],"categories":[18,17,16,39],"tags":[9,89],"acf":[],"_links":{"self":[{"href":"https:\/\/isfd816-chu.infd.edu.ar\/sitio\/wp-json\/wp\/v2\/posts\/2760"}],"collection":[{"href":"https:\/\/isfd816-chu.infd.edu.ar\/sitio\/wp-json\/wp\/v2\/posts"}],"about":[{"href":"https:\/\/isfd816-chu.infd.edu.ar\/sitio\/wp-json\/wp\/v2\/types\/post"}],"author":[{"embeddable":true,"href":"https:\/\/isfd816-chu.infd.edu.ar\/sitio\/wp-json\/wp\/v2\/users\/9"}],"replies":[{"embeddable":true,"href":"https:\/\/isfd816-chu.infd.edu.ar\/sitio\/wp-json\/wp\/v2\/comments?post=2760"}],"version-history":[{"count":1,"href":"https:\/\/isfd816-chu.infd.edu.ar\/sitio\/wp-json\/wp\/v2\/posts\/2760\/revisions"}],"predecessor-version":[{"id":2761,"href":"https:\/\/isfd816-chu.infd.edu.ar\/sitio\/wp-json\/wp\/v2\/posts\/2760\/revisions\/2761"}],"wp:featuredmedia":[{"embeddable":true,"href":"https:\/\/isfd816-chu.infd.edu.ar\/sitio\/wp-json\/wp\/v2\/media\/1060"}],"wp:attachment":[{"href":"https:\/\/isfd816-chu.infd.edu.ar\/sitio\/wp-json\/wp\/v2\/media?parent=2760"}],"wp:term":[{"taxonomy":"category","embeddable":true,"href":"https:\/\/isfd816-chu.infd.edu.ar\/sitio\/wp-json\/wp\/v2\/categories?post=2760"},{"taxonomy":"post_tag","embeddable":true,"href":"https:\/\/isfd816-chu.infd.edu.ar\/sitio\/wp-json\/wp\/v2\/tags?post=2760"}],"curies":[{"name":"wp","href":"https:\/\/api.w.org\/{rel}","templated":true}]}}