{"id":2763,"date":"2023-11-13T20:28:04","date_gmt":"2023-11-13T23:28:04","guid":{"rendered":"https:\/\/isfd816-chu.infd.edu.ar\/sitio\/?p=2763"},"modified":"2023-11-13T20:28:05","modified_gmt":"2023-11-13T23:28:05","slug":"llamado-uc-tnaf","status":"publish","type":"post","link":"https:\/\/isfd816-chu.infd.edu.ar\/sitio\/llamado-uc-tnaf\/","title":{"rendered":"Llamado UC ( TNAF)"},"content":{"rendered":"\n<p>La Direcci\u00f3n del Instituto de Educaci\u00f3n Superior N\u00b0 816 de la ciudad de Rawson hace el llamado abierto y p\u00fablico para la cobertura de las siguientes Unidades Curriculares 2024:<\/p>\n\n\n\n<p class=\"has-medium-font-size\"><br><strong>Tecnicatura Superior en Ni\u00f1ez, Adolescencia y Familia<\/strong><\/p>\n\n\n\n<p class=\"has-medium-font-size\"><br><strong><em><mark style=\"background-color:var(--accent)\" class=\"has-inline-color has-base-color\">2\u00ba a\u00f1o.<\/mark><\/em><\/strong><\/p>\n\n\n\n<p><br><strong>Estado y Pol\u00edticas P\u00fablicas Sociales. <\/strong>Asignatura. Anual. Interino. 4 hs c\u00e1tedras. Perfil docente: Licenciado\/a en ciencia pol\u00edtica, Lic.\/Prof. Sociolog\u00eda, Profesional con t\u00edtulo habilitante y experiencia en \u00e1reas de la administraci\u00f3n p\u00fablicas vinculadas al desarrollo social.<br>Problem\u00e1ticas de la Ni\u00f1ez, Adolescencia y Familia. Seminario. Anual. Interino. 4 hs c\u00e1tedra. Perfil docente: Lic. en Psicologia\/Lic. en Trabajo Social. Profesional con t\u00edtulo habilitante y formaci\u00f3n espec\u00edfica.<\/p>\n\n\n\n<p><br><strong>Pedagog\u00eda y Educaci\u00f3n Social. <\/strong>Asignatura. Cuatrimestral. Interino. 4 hs c\u00e1tedra. Perfil docente: Profesor con formaci\u00f3n espec\u00edfica en pedagog\u00eda y did\u00e1ctica. Profesional con t\u00edtulo habilitante y formaci\u00f3n espec\u00edfica en pedagog\u00eda social, educaci\u00f3n popular.<\/p>\n\n\n\n<p><br><strong>Practica Profesionalizante II.<\/strong> Taller. Anual. Interino. 8 hs c\u00e1tedras. Perfil docente: se debe conformar pareja pedag\u00f3gica con dos docentes. Lic. en ciencia Pol\u00edtica\/Lic. en Administraci\u00f3n\/Lic. en Sociolog\u00eda y otro Profesional con t\u00edtulo habilitante con formaci\u00f3n espec\u00edfica en Ni\u00f1ez, Adolescencia y Familia y\/o Desarrollo humano y Familia.<\/p>\n\n\n\n<p><br><strong>Sistema de Protecci\u00f3n Integral de Derechos.<\/strong> Asignatura. Anual. Interino. 5 hs c\u00e1tedra. Perfil docente: Un abogado con formaci\u00f3n espec\u00edfica en Derechos de la Ni\u00f1ez, Adolescencia y Familia, un Lic. en Trabajo Social con formaci\u00f3n espec\u00edfica en Derechos de la Ni\u00f1ez adolescencia y Familia. Profesional con t\u00edtulo habilitante y formaci\u00f3n espec\u00edfica en NAF.<\/p>\n\n\n\n<p><br>Se deber\u00e1 presentar Proyecto en sobre cerrado (modelo de proyecto que figura en la web), Proyecto firmado con un seud\u00f3nimo. En el exterior se colocar\u00e1 seud\u00f3nimo y la Unidad Curricular a la cual se presenta, adem\u00e1s, abrochado, un sobre con el mismo seud\u00f3nimo que adentro contendr\u00e1 DNI, <a href=\"https:\/\/docs.google.com\/document\/d\/1cb1v171rwQPqKje8WE4zUh9kiA1Z9lFMm3lxG5UZ1Dk\/edit?usp=drivesdk\" target=\"_blank\" rel=\"noreferrer noopener\">CV con el formato que figura en la web<\/a> (excluyente), certificaciones de servicio y documentaci\u00f3n respaldatoria (si no consta en el legajo que obra en la instituci\u00f3n).<\/p>\n\n\n\n<p><br><strong>Finalizaci\u00f3n del llamado: 17 de noviembre. <\/strong>Presentar en Administraci\u00f3n, Federicci y Vuelta de Obligado, Escuela 7705, de 19:00 hs a 21:00hs.<br>Consultar Dise\u00f1o curricular, modelos de presentaci\u00f3n de CV y grilla tipo, en la p\u00e1gina web: <a href=\"https:\/\/isfd816-chu.infd.edu.ar\/sitio\/pautas-de-presentacion-de-proyectos-para-la-cobertura-de-unidades-curriculares\/\" target=\"_blank\" rel=\"noreferrer noopener\">isfd816-chu.infd.edu.ar<\/a><\/p>\n","protected":false},"excerpt":{"rendered":"<p>La Direcci\u00f3n del Instituto de Educaci\u00f3n Superior N\u00b0 816 de la ciudad de Rawson hace el llamado abierto y p\u00fablico para la cobertura de las siguientes Unidades Curriculares 2024: Tecnicatura Superior en Ni\u00f1ez, Adolescencia y Familia 2\u00ba a\u00f1o. Estado y Pol\u00edticas P\u00fablicas Sociales. Asignatura. Anual. Interino. 4 hs c\u00e1tedras. Perfil docente: Licenciado\/a en ciencia pol\u00edtica, &#8230; <a title=\"Llamado UC ( TNAF)\" class=\"read-more\" href=\"https:\/\/isfd816-chu.infd.edu.ar\/sitio\/llamado-uc-tnaf\/\" aria-label=\"More on Llamado UC ( TNAF)\">[+]<\/a><\/p>\n","protected":false},"author":9,"featured_media":1057,"comment_status":"open","ping_status":"open","sticky":false,"template":"","format":"standard","meta":[],"categories":[18,17,16,39],"tags":[9,89],"acf":[],"_links":{"self":[{"href":"https:\/\/isfd816-chu.infd.edu.ar\/sitio\/wp-json\/wp\/v2\/posts\/2763"}],"collection":[{"href":"https:\/\/isfd816-chu.infd.edu.ar\/sitio\/wp-json\/wp\/v2\/posts"}],"about":[{"href":"https:\/\/isfd816-chu.infd.edu.ar\/sitio\/wp-json\/wp\/v2\/types\/post"}],"author":[{"embeddable":true,"href":"https:\/\/isfd816-chu.infd.edu.ar\/sitio\/wp-json\/wp\/v2\/users\/9"}],"replies":[{"embeddable":true,"href":"https:\/\/isfd816-chu.infd.edu.ar\/sitio\/wp-json\/wp\/v2\/comments?post=2763"}],"version-history":[{"count":1,"href":"https:\/\/isfd816-chu.infd.edu.ar\/sitio\/wp-json\/wp\/v2\/posts\/2763\/revisions"}],"predecessor-version":[{"id":2764,"href":"https:\/\/isfd816-chu.infd.edu.ar\/sitio\/wp-json\/wp\/v2\/posts\/2763\/revisions\/2764"}],"wp:featuredmedia":[{"embeddable":true,"href":"https:\/\/isfd816-chu.infd.edu.ar\/sitio\/wp-json\/wp\/v2\/media\/1057"}],"wp:attachment":[{"href":"https:\/\/isfd816-chu.infd.edu.ar\/sitio\/wp-json\/wp\/v2\/media?parent=2763"}],"wp:term":[{"taxonomy":"category","embeddable":true,"href":"https:\/\/isfd816-chu.infd.edu.ar\/sitio\/wp-json\/wp\/v2\/categories?post=2763"},{"taxonomy":"post_tag","embeddable":true,"href":"https:\/\/isfd816-chu.infd.edu.ar\/sitio\/wp-json\/wp\/v2\/tags?post=2763"}],"curies":[{"name":"wp","href":"https:\/\/api.w.org\/{rel}","templated":true}]}}