{"id":2776,"date":"2023-11-25T23:04:58","date_gmt":"2023-11-26T02:04:58","guid":{"rendered":"https:\/\/isfd816-chu.infd.edu.ar\/sitio\/?p=2776"},"modified":"2023-11-26T23:08:00","modified_gmt":"2023-11-27T02:08:00","slug":"llamado-uc-prof-matematica-9","status":"publish","type":"post","link":"https:\/\/isfd816-chu.infd.edu.ar\/sitio\/llamado-uc-prof-matematica-9\/","title":{"rendered":"Llamado UC (Prof. Matem\u00e1tica)"},"content":{"rendered":"\n<p>La Direcci\u00f3n del Instituto de Educaci\u00f3n Superior N\u00b0 816 de la ciudad de Rawson hace el llamado abierto y p\u00fablico para la cobertura de las siguientes Unidades Curriculares 2024:<\/p>\n\n\n\n<p><br><strong>3\u00ba A\u00d1O DEL PROFESORADO DE EDUCACI\u00d3N SECUNDARIA EN MATEM\u00c1TICA:<\/strong><\/p>\n\n\n\n<p><br><strong>ANALISIS Y TRATAMIENTO DE LA INFORMACI\u00d3N<\/strong> (2\u00ba llamado) Asignatura. Anual. 3 horas c\u00e1tedras + 1 de articulaci\u00f3n. Perfil docente: Profesor de matem\u00e1tica.<br><strong>ESTRUCTURAS ALGEBRAICAS<\/strong> (2\u00ba llamado) Asignatura. Anual. 3 horas c\u00e1tedras + 1 de articulaci\u00f3n. Perfil docente: Profesor de Matem\u00e1tica.<br><strong>EL LENGUAJE ALGEBRAICO EN LA GEOMETR\u00cdA<\/strong> (2\u00ba llamado) Asignatura. Anual. 4 horas c\u00e1tedras + 1 de articulaci\u00f3n. Perfil docente: Profesor de Matem\u00e1tica.<br><strong>RESOLUCI\u00d3N DE PROBLEMAS MEDIADOS POR TIC <\/strong>(2\u00ba llamado) Asignatura. Taller. 3 horas c\u00e1tedras + 1 de articulaci\u00f3n. Perfil docente: Profesor de Matem\u00e1tica que acredite formaci\u00f3n continua en Educaci\u00f3n y TIC.<br><\/p>\n\n\n\n<p>Para todas las UC, se deber\u00e1 presentar Proyecto en sobre cerrado (modelo de proyecto que figura en la web), Proyecto firmado con un seud\u00f3nimo. En el exterior se colocar\u00e1 seud\u00f3nimo, Comisi\u00f3n y la Unidad Curricular a la cual se presenta, adem\u00e1s, abrochado, un sobre con el mismo seud\u00f3nimo que adentro contendr\u00e1 DNI, CV con el formato que figura en la web (excluyente), certificaciones de servicio y documentaci\u00f3n respaldatoria (si no consta en el legajo que obra en la instituci\u00f3n).<\/p>\n\n\n\n<p><strong>Finalizaci\u00f3n del llamado: 30 de noviembre. <\/strong>Presentar en Administraci\u00f3n, Federicci y Vuelta de Obligado, Escuela 7705, de 19:00 hs a 21:00hs.<br>Consultar <a href=\"https:\/\/isfd816-chu.infd.edu.ar\/sitio\/profesorados\/\" target=\"_blank\" rel=\"noreferrer noopener\">Dise\u00f1o curricular,<\/a> <a href=\"https:\/\/isfd816-chu.infd.edu.ar\/sitio\/pautas-de-presentacion-de-proyectos-para-la-cobertura-de-unidades-curriculares\/\" target=\"_blank\" rel=\"noreferrer noopener\">modelos de presentaci\u00f3n de CV y grilla tipo<\/a>, en la p\u00e1gina web: isfd816-chu.infd.edu.ar<\/p>\n","protected":false},"excerpt":{"rendered":"<p>La Direcci\u00f3n del Instituto de Educaci\u00f3n Superior N\u00b0 816 de la ciudad de Rawson hace el llamado abierto y p\u00fablico para la cobertura de las siguientes Unidades Curriculares 2024: 3\u00ba A\u00d1O DEL PROFESORADO DE EDUCACI\u00d3N SECUNDARIA EN MATEM\u00c1TICA: ANALISIS Y TRATAMIENTO DE LA INFORMACI\u00d3N (2\u00ba llamado) Asignatura. Anual. 3 horas c\u00e1tedras + 1 de articulaci\u00f3n. &#8230; <a title=\"Llamado UC (Prof. Matem\u00e1tica)\" class=\"read-more\" href=\"https:\/\/isfd816-chu.infd.edu.ar\/sitio\/llamado-uc-prof-matematica-9\/\" aria-label=\"More on Llamado UC (Prof. Matem\u00e1tica)\">[+]<\/a><\/p>\n","protected":false},"author":9,"featured_media":1060,"comment_status":"open","ping_status":"open","sticky":false,"template":"","format":"standard","meta":[],"categories":[17,16,39],"tags":[9,89],"acf":[],"_links":{"self":[{"href":"https:\/\/isfd816-chu.infd.edu.ar\/sitio\/wp-json\/wp\/v2\/posts\/2776"}],"collection":[{"href":"https:\/\/isfd816-chu.infd.edu.ar\/sitio\/wp-json\/wp\/v2\/posts"}],"about":[{"href":"https:\/\/isfd816-chu.infd.edu.ar\/sitio\/wp-json\/wp\/v2\/types\/post"}],"author":[{"embeddable":true,"href":"https:\/\/isfd816-chu.infd.edu.ar\/sitio\/wp-json\/wp\/v2\/users\/9"}],"replies":[{"embeddable":true,"href":"https:\/\/isfd816-chu.infd.edu.ar\/sitio\/wp-json\/wp\/v2\/comments?post=2776"}],"version-history":[{"count":1,"href":"https:\/\/isfd816-chu.infd.edu.ar\/sitio\/wp-json\/wp\/v2\/posts\/2776\/revisions"}],"predecessor-version":[{"id":2777,"href":"https:\/\/isfd816-chu.infd.edu.ar\/sitio\/wp-json\/wp\/v2\/posts\/2776\/revisions\/2777"}],"wp:featuredmedia":[{"embeddable":true,"href":"https:\/\/isfd816-chu.infd.edu.ar\/sitio\/wp-json\/wp\/v2\/media\/1060"}],"wp:attachment":[{"href":"https:\/\/isfd816-chu.infd.edu.ar\/sitio\/wp-json\/wp\/v2\/media?parent=2776"}],"wp:term":[{"taxonomy":"category","embeddable":true,"href":"https:\/\/isfd816-chu.infd.edu.ar\/sitio\/wp-json\/wp\/v2\/categories?post=2776"},{"taxonomy":"post_tag","embeddable":true,"href":"https:\/\/isfd816-chu.infd.edu.ar\/sitio\/wp-json\/wp\/v2\/tags?post=2776"}],"curies":[{"name":"wp","href":"https:\/\/api.w.org\/{rel}","templated":true}]}}