{"id":2841,"date":"2024-03-09T21:14:00","date_gmt":"2024-03-10T00:14:00","guid":{"rendered":"https:\/\/isfd816-chu.infd.edu.ar\/sitio\/?p=2841"},"modified":"2024-03-10T13:20:13","modified_gmt":"2024-03-10T16:20:13","slug":"llamado-para-cubrir-uc-prof-matematica","status":"publish","type":"post","link":"https:\/\/isfd816-chu.infd.edu.ar\/sitio\/llamado-para-cubrir-uc-prof-matematica\/","title":{"rendered":"Llamado para cubrir UC Prof. Matem\u00e1tica"},"content":{"rendered":"\n<p>La Direcci\u00f3n del Instituto de Educaci\u00f3n Superior N\u00b0 816 de la ciudad de Rawson hace el llamado abierto y p\u00fablico para la cobertura de las siguientes Unidades Curriculares 2024:<\/p>\n\n\n\n<p>PROFESORADO DE EDUCACI\u00d3N SECUNDARIA EN MATEM\u00c1TICA:<\/p>\n\n\n\n<p>3\u00b0 A\u00f1o<\/p>\n\n\n\n<p>ANALISIS Y TRATAMIENTO DE LA INFORMACI\u00d3N: (2\u00b0 llamado) Asignatura. Interino. Anual. 3 horas c\u00e1tedras + 1 de articulaci\u00f3n. Perfil docente: Profesor de matem\u00e1tica. Horario lunes de 20,40 a 22,30 hs.<\/p>\n\n\n\n<p>RESOLUCI\u00d3N DE PROBLEMAS MEDIADOS POR TIC: (2\u00b0llamado) Asignatura. Interino. Taller. 3 horas c\u00e1tedras + 1 de articulaci\u00f3n. Perfil docente: Profesor de Matem\u00e1tica que acredite formaci\u00f3n continua en Educaci\u00f3n y TIC. Horario viernes de 18,30 a 20,30 hs.<\/p>\n\n\n\n<p>Para todas las UC, se deber\u00e1 presentar Proyecto en sobre cerrado (modelo de proyecto que figura en la web), Proyecto firmado con un seud\u00f3nimo. En el exterior se colocar\u00e1 seud\u00f3nimo, Comisi\u00f3n y la Unidad Curricular a la cual se presenta, adem\u00e1s, abrochado, un sobre con el mismo seud\u00f3nimo que adentro contendr\u00e1 DNI, CV con el formato que figura en la web (excluyente), certificaciones de servicio y documentaci\u00f3n respaldatoria (si no consta en el legajo que obra en la instituci\u00f3n).<\/p>\n\n\n\n<p>Finalizaci\u00f3n del llamado: 13 de marzo de 2024. Presentar en Administraci\u00f3n, Federicci y Vuelta de Obligado, Escuela 7705, de 19:00 hs a 21:00hs.<\/p>\n\n\n\n<p>Consultar Dise\u00f1o curricular, modelos de presentaci\u00f3n de CV y grilla tipo, en la p\u00e1gina web: isfd816-chu.infd.edu.ar<\/p>\n","protected":false},"excerpt":{"rendered":"<p>La Direcci\u00f3n del Instituto de Educaci\u00f3n Superior N\u00b0 816 de la ciudad de Rawson hace el llamado abierto y p\u00fablico para la cobertura de las siguientes Unidades Curriculares 2024: PROFESORADO DE EDUCACI\u00d3N SECUNDARIA EN MATEM\u00c1TICA: 3\u00b0 A\u00f1o ANALISIS Y TRATAMIENTO DE LA INFORMACI\u00d3N: (2\u00b0 llamado) Asignatura. Interino. Anual. 3 horas c\u00e1tedras + 1 de articulaci\u00f3n. &#8230; <a title=\"Llamado para cubrir UC Prof. Matem\u00e1tica\" class=\"read-more\" href=\"https:\/\/isfd816-chu.infd.edu.ar\/sitio\/llamado-para-cubrir-uc-prof-matematica\/\" aria-label=\"More on Llamado para cubrir UC Prof. Matem\u00e1tica\">[+]<\/a><\/p>\n","protected":false},"author":9,"featured_media":1055,"comment_status":"open","ping_status":"open","sticky":false,"template":"","format":"standard","meta":[],"categories":[17,16,39],"tags":[9],"acf":[],"_links":{"self":[{"href":"https:\/\/isfd816-chu.infd.edu.ar\/sitio\/wp-json\/wp\/v2\/posts\/2841"}],"collection":[{"href":"https:\/\/isfd816-chu.infd.edu.ar\/sitio\/wp-json\/wp\/v2\/posts"}],"about":[{"href":"https:\/\/isfd816-chu.infd.edu.ar\/sitio\/wp-json\/wp\/v2\/types\/post"}],"author":[{"embeddable":true,"href":"https:\/\/isfd816-chu.infd.edu.ar\/sitio\/wp-json\/wp\/v2\/users\/9"}],"replies":[{"embeddable":true,"href":"https:\/\/isfd816-chu.infd.edu.ar\/sitio\/wp-json\/wp\/v2\/comments?post=2841"}],"version-history":[{"count":1,"href":"https:\/\/isfd816-chu.infd.edu.ar\/sitio\/wp-json\/wp\/v2\/posts\/2841\/revisions"}],"predecessor-version":[{"id":2842,"href":"https:\/\/isfd816-chu.infd.edu.ar\/sitio\/wp-json\/wp\/v2\/posts\/2841\/revisions\/2842"}],"wp:featuredmedia":[{"embeddable":true,"href":"https:\/\/isfd816-chu.infd.edu.ar\/sitio\/wp-json\/wp\/v2\/media\/1055"}],"wp:attachment":[{"href":"https:\/\/isfd816-chu.infd.edu.ar\/sitio\/wp-json\/wp\/v2\/media?parent=2841"}],"wp:term":[{"taxonomy":"category","embeddable":true,"href":"https:\/\/isfd816-chu.infd.edu.ar\/sitio\/wp-json\/wp\/v2\/categories?post=2841"},{"taxonomy":"post_tag","embeddable":true,"href":"https:\/\/isfd816-chu.infd.edu.ar\/sitio\/wp-json\/wp\/v2\/tags?post=2841"}],"curies":[{"name":"wp","href":"https:\/\/api.w.org\/{rel}","templated":true}]}}