{"id":2843,"date":"2024-03-09T21:16:00","date_gmt":"2024-03-10T00:16:00","guid":{"rendered":"https:\/\/isfd816-chu.infd.edu.ar\/sitio\/?p=2843"},"modified":"2024-03-10T13:19:43","modified_gmt":"2024-03-10T16:19:43","slug":"llamado-para-cubrir-uc-prof-educ-tec","status":"publish","type":"post","link":"https:\/\/isfd816-chu.infd.edu.ar\/sitio\/llamado-para-cubrir-uc-prof-educ-tec\/","title":{"rendered":"Llamado para cubrir UC (Prof. Educ. Tec.)"},"content":{"rendered":"\n<p>La Direcci\u00f3n del Instituto de Educaci\u00f3n Superior N\u00b0 816 de la ciudad de Rawson hace el llamado abierto y p\u00fablico para la cobertura de las siguientes Unidades Curriculares 2024:<\/p>\n\n\n\n<p>Profesorado de Educaci\u00f3n Tecnol\u00f3gica<\/p>\n\n\n\n<p>1\u00b0 a\u00f1o<\/p>\n\n\n\n<p>Estudio de la filosof\u00eda de la t\u00e9cnica y la Tecnolog\u00eda. Asignatura. Anual. Suplente. 3hs. C\u00e1tedra. D\u00edas de cursada: lunes de 18,30 a 20,30hs. Perfil docente: Profesor\/a u otro\/a profesional del campo de las Humanidades y\/o Ciencias Sociales con formaci\u00f3n y\/o experiencia en el campo disciplinar de la Filosof\u00eda de la T\u00e9cnica y la Tecnolog\u00eda<\/p>\n\n\n\n<p>2\u00b0 a\u00f1o<\/p>\n\n\n\n<p>Estudios sobre Antropolog\u00eda de la T\u00e9cnica y la Tecnolog\u00eda. Asignatura. Cuatrimestral. Suplente. 4hs. Catedra. D\u00edas de cursada: martes de 18,30 a 19,50 y viernes de 20,40 a 22hs. Perfil docente: Profesor\/a, Antrop\u00f3logo\/a u otro\/a profesional de las Ciencias Sociales o las Humanidades, con formaci\u00f3n y\/o experiencia en el campo disciplinar de la Antropolog\u00eda de la T\u00e9cnica y la Tecnolog\u00eda<\/p>\n\n\n\n<p>3\u00ba A\u00f1o.&nbsp;<\/p>\n\n\n\n<p>Estudios sobre Sociolog\u00eda de la T\u00e9cnica y la Tecnolog\u00eda. Asignatura. Cuatrimestral. Suplente. 4hs. C\u00e1tedra. D\u00edas de cursada: lunes de 20,40 a 22,30 hs. Perfil docente: Profesor\/a, Licenciado\/a en Sociolog\u00eda u otro\/a profesional de las Ciencias Sociales o Humanidades con formaci\u00f3n y\/o experiencia en el campo disciplinar de la Sociolog\u00eda de la T\u00e9cnica y la Tecnolog\u00eda<\/p>\n\n\n\n<p>Se deber\u00e1 presentar nota de adhesi\u00f3n al proyecto, y CV con formato que figura en la web (EXCLUYENTE) Declaraci\u00f3n jurada de cargos y documentaci\u00f3n respaldatoria, si no consta en el legajo institucional.&nbsp;<\/p>\n\n\n\n<p>Finalizaci\u00f3n del llamado: 13 de marzo de 2024. Presentar en Administraci\u00f3n, Federicci y Vuelta de Obligado, Escuela 7705, de 19:00 hs a 21:00hs.<\/p>\n\n\n\n<p>Consultar Dise\u00f1o curricular, modelos de presentaci\u00f3n de CV y grilla tipo, en la p\u00e1gina web: isfd816-chu.infd.edu.ar<\/p>\n","protected":false},"excerpt":{"rendered":"<p>La Direcci\u00f3n del Instituto de Educaci\u00f3n Superior N\u00b0 816 de la ciudad de Rawson hace el llamado abierto y p\u00fablico para la cobertura de las siguientes Unidades Curriculares 2024: Profesorado de Educaci\u00f3n Tecnol\u00f3gica 1\u00b0 a\u00f1o Estudio de la filosof\u00eda de la t\u00e9cnica y la Tecnolog\u00eda. Asignatura. Anual. Suplente. 3hs. C\u00e1tedra. D\u00edas de cursada: lunes de &#8230; <a title=\"Llamado para cubrir UC (Prof. Educ. Tec.)\" class=\"read-more\" href=\"https:\/\/isfd816-chu.infd.edu.ar\/sitio\/llamado-para-cubrir-uc-prof-educ-tec\/\" aria-label=\"More on Llamado para cubrir UC (Prof. Educ. Tec.)\">[+]<\/a><\/p>\n","protected":false},"author":9,"featured_media":1059,"comment_status":"open","ping_status":"open","sticky":false,"template":"","format":"standard","meta":[],"categories":[17,16],"tags":[9],"acf":[],"_links":{"self":[{"href":"https:\/\/isfd816-chu.infd.edu.ar\/sitio\/wp-json\/wp\/v2\/posts\/2843"}],"collection":[{"href":"https:\/\/isfd816-chu.infd.edu.ar\/sitio\/wp-json\/wp\/v2\/posts"}],"about":[{"href":"https:\/\/isfd816-chu.infd.edu.ar\/sitio\/wp-json\/wp\/v2\/types\/post"}],"author":[{"embeddable":true,"href":"https:\/\/isfd816-chu.infd.edu.ar\/sitio\/wp-json\/wp\/v2\/users\/9"}],"replies":[{"embeddable":true,"href":"https:\/\/isfd816-chu.infd.edu.ar\/sitio\/wp-json\/wp\/v2\/comments?post=2843"}],"version-history":[{"count":1,"href":"https:\/\/isfd816-chu.infd.edu.ar\/sitio\/wp-json\/wp\/v2\/posts\/2843\/revisions"}],"predecessor-version":[{"id":2844,"href":"https:\/\/isfd816-chu.infd.edu.ar\/sitio\/wp-json\/wp\/v2\/posts\/2843\/revisions\/2844"}],"wp:featuredmedia":[{"embeddable":true,"href":"https:\/\/isfd816-chu.infd.edu.ar\/sitio\/wp-json\/wp\/v2\/media\/1059"}],"wp:attachment":[{"href":"https:\/\/isfd816-chu.infd.edu.ar\/sitio\/wp-json\/wp\/v2\/media?parent=2843"}],"wp:term":[{"taxonomy":"category","embeddable":true,"href":"https:\/\/isfd816-chu.infd.edu.ar\/sitio\/wp-json\/wp\/v2\/categories?post=2843"},{"taxonomy":"post_tag","embeddable":true,"href":"https:\/\/isfd816-chu.infd.edu.ar\/sitio\/wp-json\/wp\/v2\/tags?post=2843"}],"curies":[{"name":"wp","href":"https:\/\/api.w.org\/{rel}","templated":true}]}}