{"id":2851,"date":"2024-03-18T23:55:00","date_gmt":"2024-03-19T02:55:00","guid":{"rendered":"https:\/\/isfd816-chu.infd.edu.ar\/sitio\/?p=2851"},"modified":"2024-03-19T13:58:51","modified_gmt":"2024-03-19T16:58:51","slug":"llamado-uc-prof-educ-tecnol-3","status":"publish","type":"post","link":"https:\/\/isfd816-chu.infd.edu.ar\/sitio\/llamado-uc-prof-educ-tecnol-3\/","title":{"rendered":"Llamado UC (Prof. Educ. Tecnol.)"},"content":{"rendered":"\n<p>La Direcci\u00f3n del Instituto de Educaci\u00f3n Superior N\u00b0 816 de la ciudad de Rawson hace el llamado abierto y p\u00fablico para la cobertura de las siguientes Unidades Curriculares 2024:<\/p>\n\n\n\n<p><br><strong>Profesorado de Educaci\u00f3n Tecnol\u00f3gica<\/strong><\/p>\n\n\n\n<p><em>2\u00b0 a\u00f1o<\/em><\/p>\n\n\n\n<p>Historia y Pol\u00edtica de la Educaci\u00f3n Argentina. Asignatura. Anual. Suplencia. 3 hs. c\u00e1tedra. D\u00edas de cursada: lunes de 18,30 a 20,30 hs. Perfil docente: Profesor\/a o Licenciado\/a en Ciencias de la Educaci\u00f3n, con orientaci\u00f3n y\/o experiencia en el \u00e1rea de la Historia de la Educaci\u00f3n y\/o Pol\u00edtica Educativa; o Profesor\/a de Historia, que acredite formaci\u00f3n continua en el \u00e1rea de la Historia de la Educaci\u00f3n y\/o Pol\u00edtica Educativa.<br>Se deber\u00e1 presentar nota de adhesi\u00f3n al proyecto, y CV con formato que figura en la web (EXCLUYENTE) Declaraci\u00f3n jurada de cargos y documentaci\u00f3n respaldatoria, si no consta en el legajo institucional.<br><\/p>\n\n\n\n<p><strong>Profesorado de Educaci\u00f3n Secundaria en Matem\u00e1tica<\/strong><br><\/p>\n\n\n\n<p><em>1\u00b0 a\u00f1o<\/em><\/p>\n\n\n\n<p>Algebra de los conjuntos num\u00e9ricos. Asignatura. Anual. Suplencia. 6hs. + 1 hs de gesti\u00f3n curricular. D\u00edas de cursada: mi\u00e9rcoles de 20,40 a 22,30 &#8211; jueves de 21,50 a 22,30 y viernes de 20,40 a 21,20 hs. Perfil docente: Profesor\/a de Matem\u00e1tica<br>Se deber\u00e1 presentar nota de adhesi\u00f3n al proyecto, y CV con formato que figura en la web (EXCLUYENTE) Declaraci\u00f3n jurada de cargos y documentaci\u00f3n respaldatoria, si no consta en el legajo institucional.<\/p>\n\n\n\n<p><br>Finalizaci\u00f3n del llamado: <strong>21 de marzo de 2024<\/strong>. Presentar en Administraci\u00f3n, Federicci y Vuelta de Obligado, Escuela 7705, de 19:00 hs a 21:00hs.<br>Consultar Dise\u00f1o curricular, modelos de presentaci\u00f3n de CV y grilla tipo, en la p\u00e1gina web: isfd816-chu.infd.edu.ar<\/p>\n","protected":false},"excerpt":{"rendered":"<p>La Direcci\u00f3n del Instituto de Educaci\u00f3n Superior N\u00b0 816 de la ciudad de Rawson hace el llamado abierto y p\u00fablico para la cobertura de las siguientes Unidades Curriculares 2024: Profesorado de Educaci\u00f3n Tecnol\u00f3gica 2\u00b0 a\u00f1o Historia y Pol\u00edtica de la Educaci\u00f3n Argentina. Asignatura. Anual. Suplencia. 3 hs. c\u00e1tedra. D\u00edas de cursada: lunes de 18,30 a &#8230; <a title=\"Llamado UC (Prof. Educ. Tecnol.)\" class=\"read-more\" href=\"https:\/\/isfd816-chu.infd.edu.ar\/sitio\/llamado-uc-prof-educ-tecnol-3\/\" aria-label=\"More on Llamado UC (Prof. Educ. Tecnol.)\">[+]<\/a><\/p>\n","protected":false},"author":9,"featured_media":1057,"comment_status":"open","ping_status":"open","sticky":false,"template":"","format":"standard","meta":[],"categories":[17,16,39],"tags":[9,20,89],"acf":[],"_links":{"self":[{"href":"https:\/\/isfd816-chu.infd.edu.ar\/sitio\/wp-json\/wp\/v2\/posts\/2851"}],"collection":[{"href":"https:\/\/isfd816-chu.infd.edu.ar\/sitio\/wp-json\/wp\/v2\/posts"}],"about":[{"href":"https:\/\/isfd816-chu.infd.edu.ar\/sitio\/wp-json\/wp\/v2\/types\/post"}],"author":[{"embeddable":true,"href":"https:\/\/isfd816-chu.infd.edu.ar\/sitio\/wp-json\/wp\/v2\/users\/9"}],"replies":[{"embeddable":true,"href":"https:\/\/isfd816-chu.infd.edu.ar\/sitio\/wp-json\/wp\/v2\/comments?post=2851"}],"version-history":[{"count":1,"href":"https:\/\/isfd816-chu.infd.edu.ar\/sitio\/wp-json\/wp\/v2\/posts\/2851\/revisions"}],"predecessor-version":[{"id":2852,"href":"https:\/\/isfd816-chu.infd.edu.ar\/sitio\/wp-json\/wp\/v2\/posts\/2851\/revisions\/2852"}],"wp:featuredmedia":[{"embeddable":true,"href":"https:\/\/isfd816-chu.infd.edu.ar\/sitio\/wp-json\/wp\/v2\/media\/1057"}],"wp:attachment":[{"href":"https:\/\/isfd816-chu.infd.edu.ar\/sitio\/wp-json\/wp\/v2\/media?parent=2851"}],"wp:term":[{"taxonomy":"category","embeddable":true,"href":"https:\/\/isfd816-chu.infd.edu.ar\/sitio\/wp-json\/wp\/v2\/categories?post=2851"},{"taxonomy":"post_tag","embeddable":true,"href":"https:\/\/isfd816-chu.infd.edu.ar\/sitio\/wp-json\/wp\/v2\/tags?post=2851"}],"curies":[{"name":"wp","href":"https:\/\/api.w.org\/{rel}","templated":true}]}}