{"id":2906,"date":"2024-09-17T09:49:45","date_gmt":"2024-09-17T12:49:45","guid":{"rendered":"https:\/\/isfd816-chu.infd.edu.ar\/sitio\/?p=2906"},"modified":"2024-09-20T09:51:55","modified_gmt":"2024-09-20T12:51:55","slug":"llamado-uc-prof-ed-primaria-2","status":"publish","type":"post","link":"https:\/\/isfd816-chu.infd.edu.ar\/sitio\/llamado-uc-prof-ed-primaria-2\/","title":{"rendered":"Llamado UC (Prof. Ed. Primaria)"},"content":{"rendered":"<figure class=\"wp-block-post-featured-image\"><img width=\"1480\" height=\"925\" src=\"https:\/\/isfd816-chu.infd.edu.ar\/sitio\/wp-content\/uploads\/2024\/09\/Noticias-Naranja.png\" class=\"attachment-post-thumbnail size-post-thumbnail wp-post-image\" alt=\"\" decoding=\"async\" loading=\"lazy\" srcset=\"https:\/\/isfd816-chu.infd.edu.ar\/sitio\/wp-content\/uploads\/2024\/09\/Noticias-Naranja.png 1480w, https:\/\/isfd816-chu.infd.edu.ar\/sitio\/wp-content\/uploads\/2024\/09\/Noticias-Naranja-1000x625.png 1000w, https:\/\/isfd816-chu.infd.edu.ar\/sitio\/wp-content\/uploads\/2024\/09\/Noticias-Naranja-768x480.png 768w\" sizes=\"(max-width: 1480px) 100vw, 1480px\" \/><\/figure>\n\n\n<p>La Direcci\u00f3n del Instituto de Educaci\u00f3n Superior N\u00b0 816 de la ciudad de Rawson hace el 2do. llamado abierto y p\u00fablico para la cobertura de la siguiente Unidad Curricular 2024 del profesorado de Ed. Primaria 2\u00b0 a\u00f1o \u2013 Anual.<\/p>\n\n\n\n<p>\u2022 EDUCACI\u00d3N TECNOL\u00d3GICA. Anual. Suplente.: 3hs. c\u00e1tedra (2horas reloj)<\/p>\n\n\n\n<p>Campo: Formaci\u00f3n Especifica. Asignatura.<\/p>\n\n\n\n<p>Perfil: Profesor\/a con formaci\u00f3n en Ed. Tecnol\u00f3gica o Tecnolog\u00eda con capacitaci\u00f3n y\/o experiencia en Ed. Primaria.<\/p>\n\n\n\n<p>Horario del dictado de la Materia: Mi\u00e9rcoles 20:00 a 22:00 hs.<\/p>\n\n\n\n<p>Se deber\u00e1 presentar un sobre que adentro contendr\u00e1 DNI, CV con el formato que figura en la web (excluyente), nota de adhesi\u00f3n de proyecto, certificaci\u00f3n de servicios y documentaci\u00f3n respaldatoria (si no consta en el legajo que obra en la instituci\u00f3n).<\/p>\n\n\n\n<p>Finalizaci\u00f3n del llamado: 20 de septiembre de 2024. Presentar en Administraci\u00f3n, Federicci y Vuelta de Obligado, Escuela 7705, de 19:00 hs. a 21:00hs.<\/p>\n\n\n\n<p>Consultar Dise\u00f1o curricular, modelos de presentaci\u00f3n de CV y grilla tipo, en la p\u00e1gina web: <a href=\"http:\/\/isfd816-chu.infd.edu.ar\/?fbclid=IwZXh0bgNhZW0CMTAAAR3OphGeFuU_Qv6B1Oj2YnjE0YwzV91tT4TCBvl40vbp6FvaU9FokmlGamA_aem_xvF2tg2u3rW405Syoq9F0Q\" rel=\"noreferrer noopener\" target=\"_blank\">isfd816-chu.infd.edu.ar<\/a><\/p>\n","protected":false},"excerpt":{"rendered":"<p>La Direcci\u00f3n del Instituto de Educaci\u00f3n Superior N\u00b0 816 de la ciudad de Rawson hace el 2do. llamado abierto y p\u00fablico para la cobertura de la siguiente Unidad Curricular 2024 del profesorado de Ed. Primaria 2\u00b0 a\u00f1o \u2013 Anual. \u2022 EDUCACI\u00d3N TECNOL\u00d3GICA. Anual. Suplente.: 3hs. c\u00e1tedra (2horas reloj) Campo: Formaci\u00f3n Especifica. Asignatura. Perfil: Profesor\/a con &#8230; <a title=\"Llamado UC (Prof. Ed. Primaria)\" class=\"read-more\" href=\"https:\/\/isfd816-chu.infd.edu.ar\/sitio\/llamado-uc-prof-ed-primaria-2\/\" aria-label=\"More on Llamado UC (Prof. Ed. Primaria)\">[+]<\/a><\/p>\n","protected":false},"author":9,"featured_media":2907,"comment_status":"open","ping_status":"open","sticky":false,"template":"","format":"standard","meta":[],"categories":[17,16,39,1],"tags":[116,9,115],"acf":[],"_links":{"self":[{"href":"https:\/\/isfd816-chu.infd.edu.ar\/sitio\/wp-json\/wp\/v2\/posts\/2906"}],"collection":[{"href":"https:\/\/isfd816-chu.infd.edu.ar\/sitio\/wp-json\/wp\/v2\/posts"}],"about":[{"href":"https:\/\/isfd816-chu.infd.edu.ar\/sitio\/wp-json\/wp\/v2\/types\/post"}],"author":[{"embeddable":true,"href":"https:\/\/isfd816-chu.infd.edu.ar\/sitio\/wp-json\/wp\/v2\/users\/9"}],"replies":[{"embeddable":true,"href":"https:\/\/isfd816-chu.infd.edu.ar\/sitio\/wp-json\/wp\/v2\/comments?post=2906"}],"version-history":[{"count":1,"href":"https:\/\/isfd816-chu.infd.edu.ar\/sitio\/wp-json\/wp\/v2\/posts\/2906\/revisions"}],"predecessor-version":[{"id":2908,"href":"https:\/\/isfd816-chu.infd.edu.ar\/sitio\/wp-json\/wp\/v2\/posts\/2906\/revisions\/2908"}],"wp:featuredmedia":[{"embeddable":true,"href":"https:\/\/isfd816-chu.infd.edu.ar\/sitio\/wp-json\/wp\/v2\/media\/2907"}],"wp:attachment":[{"href":"https:\/\/isfd816-chu.infd.edu.ar\/sitio\/wp-json\/wp\/v2\/media?parent=2906"}],"wp:term":[{"taxonomy":"category","embeddable":true,"href":"https:\/\/isfd816-chu.infd.edu.ar\/sitio\/wp-json\/wp\/v2\/categories?post=2906"},{"taxonomy":"post_tag","embeddable":true,"href":"https:\/\/isfd816-chu.infd.edu.ar\/sitio\/wp-json\/wp\/v2\/tags?post=2906"}],"curies":[{"name":"wp","href":"https:\/\/api.w.org\/{rel}","templated":true}]}}