{"id":2987,"date":"2024-11-01T21:52:43","date_gmt":"2024-11-02T00:52:43","guid":{"rendered":"https:\/\/isfd816-chu.infd.edu.ar\/sitio\/?p=2987"},"modified":"2026-02-13T19:16:03","modified_gmt":"2026-02-13T22:16:03","slug":"preinscripcion-2025","status":"publish","type":"post","link":"https:\/\/isfd816-chu.infd.edu.ar\/sitio\/preinscripcion-2025\/","title":{"rendered":"Inscripci\u00f3n"},"content":{"rendered":"\n<h2 class=\"wp-block-heading\">Oferta Acad\u00e9mica 2026<\/h2>\n\n\n\n<p>A continuaci\u00f3n se indica la oferta acad\u00e9mica de nuestro Instituto, autorizada por el Ministerio de Educaci\u00f3n para el a\u00f1o 2026.\u00a0<\/p>\n\n\n\n<h4 class=\"wp-block-heading\"><strong>Requisitos<\/strong><\/h4>\n\n\n\n<p>Despu\u00e9s de completar el formulario de preinscripci\u00f3n, ser\u00e1 necesario entregar la documentaci\u00f3n requerida de forma presencial en la bedel\u00eda del IES N\u00b0 816. Las fechas para la presentaci\u00f3n de documentaci\u00f3n son entre el 19 y 20 de febrero de 2026, en el horario de 19:00 a 21:30 hs en Escuela N\u00b0 47- Rawson.<\/p>\n\n\n\n<p>La inscripci\u00f3n se considerar\u00e1 finalizada \u00fanicamente cuando se haya presentado la totalidad de la documentaci\u00f3n solicitada dentro del plazo establecido. Si no se cumple con este requisito dentro del per\u00edodo indicado, la solicitud ser\u00e1 anulada.<\/p>\n\n\n\n<p><strong>Se deber\u00e1 presentar lo siguiente:<\/strong><\/p>\n\n\n\n<ul>\n<li><a href=\"https:\/\/docs.google.com\/document\/d\/1y7zQg8aLL1Fi1G8muKjLoW_Gf8ffUwet\/edit?usp=sharing&amp;ouid=108853688405707583305&amp;rtpof=true&amp;sd=true\" data-type=\"URL\" data-id=\"https:\/\/docs.google.com\/document\/d\/1A_ySGQdmV9CVxZJFajOsXIbCQJsNVyfP\/edit?usp=drive_link&amp;ouid=117185808650403846943&amp;rtpof=true&amp;sd=true\">Formulario de inscripci\u00f3n 2026 (click para descargar).<\/a><\/li>\n\n\n\n<li>Fotocopia DNI (frente y dorso).<\/li>\n\n\n\n<li>Constancia CUIL.<\/li>\n\n\n\n<li>Fotocopia <strong>autenticada<\/strong> de partida de nacimiento.<\/li>\n\n\n\n<li>Fotocopia&nbsp;<strong>autenticada<\/strong>&nbsp;de t\u00edtulo secundario \/ Constancia&nbsp;<strong>original<\/strong>&nbsp;de t\u00edtulo en tr\u00e1mite.&nbsp;<\/li>\n\n\n\n<li>1 fotos 4&#215;4 tipo foto carnet (una pegada en ficha de inscripci\u00f3n).<\/li>\n\n\n\n<li>Certificado apto psicof\u00edsico: Certificado m\u00e9dico cl\u00ednico (original) que indique aptitud para el cursado, informe fonoaudiol\u00f3gico e informe psicol\u00f3gico.<\/li>\n\n\n\n<li>Certificado de Discapacidad (en caso de poseer).<\/li>\n\n\n\n<li>Carpeta colgante oficio similar a marca Nepaco.<\/li>\n<\/ul>\n\n\n\n<p>Se comparte Circular 9-24 del Ministerio de Educaci\u00f3n con la Planilla de Inscripci\u00f3n de Nivel Superior y Requisitos para conocimiento. <\/p>\n\n\n\n<div class=\"wp-block-file\"><object class=\"wp-block-file__embed\" data=\"https:\/\/isfd816-chu.infd.edu.ar\/sitio\/wp-content\/uploads\/2024\/11\/circular-9-24.pdf\" type=\"application\/pdf\" style=\"width:100%;height:300px\" aria-label=\"Incrustado de circular-9-24.\"><\/object><a id=\"wp-block-file--media-b91b17e3-7a2f-4fd3-80de-b153902bea04\" href=\"https:\/\/isfd816-chu.infd.edu.ar\/sitio\/wp-content\/uploads\/2024\/11\/circular-9-24.pdf\">circular-9-24<\/a><a href=\"https:\/\/isfd816-chu.infd.edu.ar\/sitio\/wp-content\/uploads\/2024\/11\/circular-9-24.pdf\" class=\"wp-block-file__button wp-element-button\" download aria-describedby=\"wp-block-file--media-b91b17e3-7a2f-4fd3-80de-b153902bea04\">Descarga<\/a><\/div>\n\n\n\n<p><strong>Fechas para presentaci\u00f3n de documentaci\u00f3n:<\/strong><\/p>\n\n\n\n<p>La documentaci\u00f3n antes mencionada ser\u00e1 recepcionada entre el 19 y 20 de febrero de 2026, en la Bedel\u00eda del IES 816 en el horario de 19:00 a 21:30 hs, la cual se encuentra en la Escuela N\u00b0 47 (calle O Donnell 149 de la ciudad de Rawson). <\/p>\n","protected":false},"excerpt":{"rendered":"<p>Oferta Acad\u00e9mica 2026 A continuaci\u00f3n se indica la oferta acad\u00e9mica de nuestro Instituto, autorizada por el Ministerio de Educaci\u00f3n para el a\u00f1o 2026.\u00a0 Requisitos Despu\u00e9s de completar el formulario de preinscripci\u00f3n, ser\u00e1 necesario entregar la documentaci\u00f3n requerida de forma presencial en la bedel\u00eda del IES N\u00b0 816. Las fechas para la presentaci\u00f3n de documentaci\u00f3n son &#8230; <a title=\"Inscripci\u00f3n\" class=\"read-more\" href=\"https:\/\/isfd816-chu.infd.edu.ar\/sitio\/preinscripcion-2025\/\" aria-label=\"More on Inscripci\u00f3n\">[+]<\/a><\/p>\n","protected":false},"author":9,"featured_media":0,"comment_status":"open","ping_status":"open","sticky":false,"template":"","format":"standard","meta":[],"categories":[8,18,16,39,1],"tags":[122,123,30,121,120],"acf":[],"_links":{"self":[{"href":"https:\/\/isfd816-chu.infd.edu.ar\/sitio\/wp-json\/wp\/v2\/posts\/2987"}],"collection":[{"href":"https:\/\/isfd816-chu.infd.edu.ar\/sitio\/wp-json\/wp\/v2\/posts"}],"about":[{"href":"https:\/\/isfd816-chu.infd.edu.ar\/sitio\/wp-json\/wp\/v2\/types\/post"}],"author":[{"embeddable":true,"href":"https:\/\/isfd816-chu.infd.edu.ar\/sitio\/wp-json\/wp\/v2\/users\/9"}],"replies":[{"embeddable":true,"href":"https:\/\/isfd816-chu.infd.edu.ar\/sitio\/wp-json\/wp\/v2\/comments?post=2987"}],"version-history":[{"count":10,"href":"https:\/\/isfd816-chu.infd.edu.ar\/sitio\/wp-json\/wp\/v2\/posts\/2987\/revisions"}],"predecessor-version":[{"id":3406,"href":"https:\/\/isfd816-chu.infd.edu.ar\/sitio\/wp-json\/wp\/v2\/posts\/2987\/revisions\/3406"}],"wp:attachment":[{"href":"https:\/\/isfd816-chu.infd.edu.ar\/sitio\/wp-json\/wp\/v2\/media?parent=2987"}],"wp:term":[{"taxonomy":"category","embeddable":true,"href":"https:\/\/isfd816-chu.infd.edu.ar\/sitio\/wp-json\/wp\/v2\/categories?post=2987"},{"taxonomy":"post_tag","embeddable":true,"href":"https:\/\/isfd816-chu.infd.edu.ar\/sitio\/wp-json\/wp\/v2\/tags?post=2987"}],"curies":[{"name":"wp","href":"https:\/\/api.w.org\/{rel}","templated":true}]}}