{"id":3111,"date":"2025-02-27T22:25:50","date_gmt":"2025-02-28T01:25:50","guid":{"rendered":"https:\/\/isfd816-chu.infd.edu.ar\/sitio\/?p=3111"},"modified":"2025-02-27T23:41:40","modified_gmt":"2025-02-28T02:41:40","slug":"llamado-uc-prof-de-ed-fisica","status":"publish","type":"post","link":"https:\/\/isfd816-chu.infd.edu.ar\/sitio\/llamado-uc-prof-de-ed-fisica\/","title":{"rendered":"Llamado UC (Prof. de Ed. F\u00edsica)"},"content":{"rendered":"<figure class=\"wp-block-post-featured-image\"><img width=\"1480\" height=\"925\" src=\"https:\/\/isfd816-chu.infd.edu.ar\/sitio\/wp-content\/uploads\/2024\/09\/Noticias-Naranja.png\" class=\"attachment-post-thumbnail size-post-thumbnail wp-post-image\" alt=\"\" decoding=\"async\" loading=\"lazy\" srcset=\"https:\/\/isfd816-chu.infd.edu.ar\/sitio\/wp-content\/uploads\/2024\/09\/Noticias-Naranja.png 1480w, https:\/\/isfd816-chu.infd.edu.ar\/sitio\/wp-content\/uploads\/2024\/09\/Noticias-Naranja-1000x625.png 1000w, https:\/\/isfd816-chu.infd.edu.ar\/sitio\/wp-content\/uploads\/2024\/09\/Noticias-Naranja-768x480.png 768w\" sizes=\"(max-width: 1480px) 100vw, 1480px\" \/><\/figure>\n\n\n<p>La Direcci\u00f3n del Instituto de Educaci\u00f3n Superior N 816 de la ciudad de Rawson hace el 2do llamado abierto y p\u00fablico para la cobertura de las siguientes Unidades Curriculares del <strong>Profesorado de Educaci\u00f3n F\u00edsica<\/strong>:<\/p>\n\n\n\n<p>2do a\u00f1o Comisi\u00f3n 1 y Comisi\u00f3n 2. (Se debe especificar en cada sobre a qu\u00e9 comisi\u00f3n se postula). Ver horarios de cada comisi\u00f3n.<\/p>\n\n\n\n<p>BIOLOGIA CELULAR<\/p>\n\n\n\n<p>Asignatura. Anual, turno vespertino. 3hs. c\u00e1tedra (2hs reloj). Perfil docente: Se debe conformar pareja pedag\u00f3gica, con un\/a profesional del \u00e1rea de la salud (M\u00e9dico\/a Deport\u00f3logo\/a, Kinesi\u00f3logo\/a, u otro\/a), y un\/a Profesor\/a o Licenciado\/a en Educaci\u00f3n F\u00edsica con especializaci\u00f3n y\/o experiencia en el \u00e1rea.<\/p>\n\n\n\n<p>D\u00eda y horario de cursada:<\/p>\n\n\n\n<p>Comisi\u00f3n 1: Jueves de 17:00hs. a 19:10hs.<\/p>\n\n\n\n<p>DIDACTICA DE LA EDUCACI\u00d3N F\u00cdSICA EN LAS INFANCIAS<\/p>\n\n\n\n<p>Taller, Anual, turno vespertino. 2hs. (1h 20min reloj). Perfil docente: Se debe conformar una pareja pedag\u00f3gica con un\/a Profesor\/a o Licenciado\/a en Educaci\u00f3n F\u00edsica con formaci\u00f3n y experiencia en la ense\u00f1anza en los Niveles Inicial y\/o Primario; y un\/a Profesor\/a o Licenciado\/a en Educaci\u00f3n F\u00edsica con formaci\u00f3n y experiencia en la ense\u00f1anza con las infancias en el \u00e1mbito no escolarizado.<\/p>\n\n\n\n<p>D\u00eda y horario de cursada:<\/p>\n\n\n\n<p>Comisi\u00f3n 2: Mi\u00e9rcoles de 17:00hs a 18:20hs.<\/p>\n\n\n\n<p>HISTORIA Y POL\u00cdTICA DE LA EDUCACI\u00d3N ARGENTINA<\/p>\n\n\n\n<p>Asignatura, Anual, turno vespertino, 3hs. c\u00e1tedra (2hs reloj). Perfil docente: Profesor\/a o Licenciado\/a en Ciencias de la Educaci\u00f3n, con orientaci\u00f3n y\/o experiencia en el \u00e1rea de la Historia de la Educaci\u00f3n y o Pol\u00edtica Educativa, o Profesor\/a de Historia, que acredite formaci\u00f3n continua en el \u00e1rea de la Historia de la Educaci\u00f3n y\/o Pol\u00edtica Educativa.<\/p>\n\n\n\n<p>D\u00eda y horario de cursada Comisi\u00f3n 1: Lun de 18 30hs. a 20: 40hs.<\/p>\n\n\n\n<p>D\u00eda y horario de cursada Comisi\u00f3n 2: Martes de 20,00hs a 22,00hs.<\/p>\n\n\n\n<p>PR\u00c1CTICA PROFESIONAL DOCENTE II<\/p>\n\n\n\n<p>Pr\u00e1cticas docentes. Anual, turno vespertino. 6hs. (4hs reloj). Perfil docente: Se debe conformar una pareja pedag\u00f3gica, con un\/a Profesor\/a o Licenciado\/a en Educaci\u00f3n F\u00edsica que tenga conocimiento y experiencia en los niveles de la educaci\u00f3n formal; y un\/a profesional con formaci\u00f3n en Ciencias de la Educaci\u00f3n, Psicopedagog\u00eda o afines.<\/p>\n\n\n\n<p>Modalidad de cursado: Presencial. El 40% de la carga horaria (76hs c\u00e1tedra aprox.) corresponde a experiencias formativas en las instituciones asociadas.<\/p>\n\n\n\n<p>D\u00eda y horario de cursada:<\/p>\n\n\n\n<p>Comisi\u00f3n 2: Viernes de 17,00hs. a 19,10hs. Las otras tres horas semanales el docente las cumplir\u00e1 gestionando los espacios en las instituciones y realizando acciones de tutor\u00edas y apoyo a los alumnos en sus pr\u00e1cticas.<\/p>\n\n\n\n<p>Se deber\u00e1 presentar Proyecto en sobre cerrado (modelo de proyecto que figura en la web), Proyecto firmado con un Seud\u00f3nimo. En el exterior se colocar\u00e1 Seud\u00f3nimo y la Unidad Curricular y comisi\u00f3n a la cual se presenta. Adem\u00e1s, abrochado, un sobre con el mismo Seud\u00f3nimo que adentro contendr\u00e1 DNI, CV con formato que figura en la web (excluyente), certificaciones de servicio, declaraci\u00f3n jurada de horas y de cargos y documentaci\u00f3n respaldatoria (si no consta en el legajo institucional).<\/p>\n\n\n\n<p>Aclaraci\u00f3n: se debe presentar todo por cada comisi\u00f3n a la cual se presenta.<\/p>\n\n\n\n<p>Finalizaci\u00f3n del llamado el d\u00eda jueves 06 de Marzo 2025.<\/p>\n\n\n\n<p>Presentar en Administraci\u00f3n Federicci y Vuelta de Obligado Escuela N 7705 de 19 a 21hs<\/p>\n\n\n\n<p>Consultar Dise\u00f1o Curricular, modelos de presentaci\u00f3n de CV y grilla tipo, en la p\u00e1gina web: <a href=\"https:\/\/l.facebook.com\/l.php?u=http%3A%2F%2Fisf816-chu.infd.edu.ar%2F%3Ffbclid%3DIwZXh0bgNhZW0CMTAAAR3S-JrLRV0emSHy3i9aWv0yauDmNnSlmoERXNQvYUavprjMvcAr0naLQww_aem_v_nCOl6XchF77GROC7zqDg&amp;h=AT1LuJVJ7gDUlQLzrSUaI6cPHHuKm2ZPMJOq1UZXrw30yJM6jETGsy8ibQ7xAIdsa7hsnHGoOMtb8HE85xko35ovYxoNPmunz1-moW3JjkcV2FPXjXustYBOf4omgr9nTOPF&amp;__tn__=-UK-R&amp;c[0]=AT1mnJJ_Icb--lMnKNH0JJtYfQn2ji1a35ZIxJb714RyZEueIuR7Lfr-nREPtNG4tRCrH65N4nH4UPR8fbys3282_7RF0X9FFpzvGZY36P5T8U4fZEPEJ2GiP-oFQG-uUuCtu3wHzIlUwlKU99ds6aZDyY6rhknfoV-c4fx0etZqp4OzT0EViRfZ-K0_1BgBkA\" rel=\"noreferrer noopener\" target=\"_blank\">isf816-chu.infd.edu.ar<\/a><\/p>\n","protected":false},"excerpt":{"rendered":"<p>La Direcci\u00f3n del Instituto de Educaci\u00f3n Superior N 816 de la ciudad de Rawson hace el 2do llamado abierto y p\u00fablico para la cobertura de las siguientes Unidades Curriculares del Profesorado de Educaci\u00f3n F\u00edsica: 2do a\u00f1o Comisi\u00f3n 1 y Comisi\u00f3n 2. (Se debe especificar en cada sobre a qu\u00e9 comisi\u00f3n se postula). Ver horarios de &#8230; <a title=\"Llamado UC (Prof. de Ed. F\u00edsica)\" class=\"read-more\" href=\"https:\/\/isfd816-chu.infd.edu.ar\/sitio\/llamado-uc-prof-de-ed-fisica\/\" aria-label=\"More on Llamado UC (Prof. de Ed. F\u00edsica)\">[+]<\/a><\/p>\n","protected":false},"author":9,"featured_media":2907,"comment_status":"open","ping_status":"open","sticky":false,"template":"","format":"standard","meta":[],"categories":[17,16,39,1],"tags":[141,128,9,76],"acf":[],"_links":{"self":[{"href":"https:\/\/isfd816-chu.infd.edu.ar\/sitio\/wp-json\/wp\/v2\/posts\/3111"}],"collection":[{"href":"https:\/\/isfd816-chu.infd.edu.ar\/sitio\/wp-json\/wp\/v2\/posts"}],"about":[{"href":"https:\/\/isfd816-chu.infd.edu.ar\/sitio\/wp-json\/wp\/v2\/types\/post"}],"author":[{"embeddable":true,"href":"https:\/\/isfd816-chu.infd.edu.ar\/sitio\/wp-json\/wp\/v2\/users\/9"}],"replies":[{"embeddable":true,"href":"https:\/\/isfd816-chu.infd.edu.ar\/sitio\/wp-json\/wp\/v2\/comments?post=3111"}],"version-history":[{"count":1,"href":"https:\/\/isfd816-chu.infd.edu.ar\/sitio\/wp-json\/wp\/v2\/posts\/3111\/revisions"}],"predecessor-version":[{"id":3112,"href":"https:\/\/isfd816-chu.infd.edu.ar\/sitio\/wp-json\/wp\/v2\/posts\/3111\/revisions\/3112"}],"wp:featuredmedia":[{"embeddable":true,"href":"https:\/\/isfd816-chu.infd.edu.ar\/sitio\/wp-json\/wp\/v2\/media\/2907"}],"wp:attachment":[{"href":"https:\/\/isfd816-chu.infd.edu.ar\/sitio\/wp-json\/wp\/v2\/media?parent=3111"}],"wp:term":[{"taxonomy":"category","embeddable":true,"href":"https:\/\/isfd816-chu.infd.edu.ar\/sitio\/wp-json\/wp\/v2\/categories?post=3111"},{"taxonomy":"post_tag","embeddable":true,"href":"https:\/\/isfd816-chu.infd.edu.ar\/sitio\/wp-json\/wp\/v2\/tags?post=3111"}],"curies":[{"name":"wp","href":"https:\/\/api.w.org\/{rel}","templated":true}]}}