{"id":3140,"date":"2025-03-11T20:10:28","date_gmt":"2025-03-11T23:10:28","guid":{"rendered":"https:\/\/isfd816-chu.infd.edu.ar\/sitio\/?p=3140"},"modified":"2025-03-12T20:12:34","modified_gmt":"2025-03-12T23:12:34","slug":"llamado-uc-prof-educ-secundaria-en-matematica-2","status":"publish","type":"post","link":"https:\/\/isfd816-chu.infd.edu.ar\/sitio\/llamado-uc-prof-educ-secundaria-en-matematica-2\/","title":{"rendered":"Llamado UC (Prof. Educ. Secundaria en Matem\u00e1tica)"},"content":{"rendered":"<figure class=\"wp-block-post-featured-image\"><img width=\"1135\" height=\"695\" src=\"https:\/\/isfd816-chu.infd.edu.ar\/sitio\/wp-content\/uploads\/2024\/09\/Noticias_amarilla.png\" class=\"attachment-post-thumbnail size-post-thumbnail wp-post-image\" alt=\"\" decoding=\"async\" loading=\"lazy\" srcset=\"https:\/\/isfd816-chu.infd.edu.ar\/sitio\/wp-content\/uploads\/2024\/09\/Noticias_amarilla.png 1135w, https:\/\/isfd816-chu.infd.edu.ar\/sitio\/wp-content\/uploads\/2024\/09\/Noticias_amarilla-1000x612.png 1000w, https:\/\/isfd816-chu.infd.edu.ar\/sitio\/wp-content\/uploads\/2024\/09\/Noticias_amarilla-768x470.png 768w\" sizes=\"(max-width: 1135px) 100vw, 1135px\" \/><\/figure>\n\n\n<p>La Direcci\u00f3n del Instituto de Educaci\u00f3n Superior N\u00b0 816 de la ciudad de Rawson hace el llamado abierto y p\u00fablico para la cobertura de las siguientes Unidades Curriculares 2025 del PROFESORADO DE EDUCACI\u00d3N SECUNDARIA EN MATEM\u00c1TICA.<\/p>\n\n\n\n<ul>\n<li>UDI Uso del cuerpo y la voz en la ense\u00f1anza.<\/li>\n<\/ul>\n\n\n\n<p><a><\/a>Formato: Seminario \u2013 Taller<\/p>\n\n\n\n<p>R\u00e9gimen de cursada: cuatrimestral. Interino.<\/p>\n\n\n\n<p>Ubicaci\u00f3n en el dise\u00f1o curricular: 4\u00b0 a\u00f1o<\/p>\n\n\n\n<p>Distribuci\u00f3n de la carga horaria: 3hs. c\u00e1tedra<\/p>\n\n\n\n<p>Perfil docente: Profesional con titulaci\u00f3n de educaci\u00f3n superior en el campo del uso de la voz y formaci\u00f3n complementaria en el uso del cuerpo. Se valorar\u00e1 formaci\u00f3n docente y experiencia en nivel secundario<\/p>\n\n\n\n<p>Designaci\u00f3n del docente: 4hs horas c\u00e1tedra<\/p>\n\n\n\n<ul>\n<li>UDI Recursos did\u00e1cticos y adecuaciones para la ense\u00f1anza de la matem\u00e1tica en el nivel secundario en los diferentes campos, numeraci\u00f3n, algebra, estad\u00edstica, funciones, etc.<\/li>\n<\/ul>\n\n\n\n<p>Formato: Seminario \u2013 Taller<\/p>\n\n\n\n<p>R\u00e9gimen de cursada: Anual. Interino<\/p>\n\n\n\n<p>Ubicaci\u00f3n en el dise\u00f1o curricular: 4\u00b0 a\u00f1o<\/p>\n\n\n\n<p>Distribuci\u00f3n de la carga horaria: 3hs. c\u00e1tedra<\/p>\n\n\n\n<p>Perfil docente: Profesor de matem\u00e1tica con experiencia en el nivel secundario que acredite diferentes trayectos de recursos l\u00fadicos y adecuaciones para la atenci\u00f3n a la diversidad en la ense\u00f1anza de la matem\u00e1tica.<\/p>\n\n\n\n<p>Designaci\u00f3n docente: 4 horas c\u00e1tedras<\/p>\n\n\n\n<p>Para todas las UC, se deber\u00e1 presentar Proyecto en sobre cerrado (modelo de proyecto que figura en la web), Proyecto firmado con un seud\u00f3nimo. En el exterior se colocar\u00e1 seud\u00f3nimo, Comisi\u00f3n y la Unidad Curricular a la cual se presenta, adem\u00e1s, abrochado, un sobre con el mismo seud\u00f3nimo que adentro contendr\u00e1 DNI, CV con el formato que figura en la web (excluyente), certificaciones de servicio y documentaci\u00f3n respaldatoria (si no consta en el legajo que obra en la instituci\u00f3n).<\/p>\n\n\n\n<p>Finalizaci\u00f3n del llamado: 18 de marzo de 2025<\/p>\n\n\n\n<p>Presentar en Administraci\u00f3n, Federicci y Vuelta de Obligado, Escuela 7705, de 19:00 hs a21:00hs.<\/p>\n\n\n\n<p>Consultar Dise\u00f1o curricular, modelos de presentaci\u00f3n de CV y grilla tipo, en la p\u00e1gina web: <a rel=\"noreferrer noopener\" href=\"https:\/\/l.facebook.com\/l.php?u=http%3A%2F%2Fisf816-chu.infd.edu.ar%2F%3Ffbclid%3DIwZXh0bgNhZW0CMTAAAR1i-xzaR5Uwis19BX_IoZk8CG3fHZYawQLLFaMuAxVbsrSAgXjpgS-qZak_aem_nvyqgowbyby1dMyQJFDeOQ&amp;h=AT2UKyslUhNF70JtUw7JQFu2JFadpho6obfcXDC8EvIHnGDv4cjDYRt0fCF22blIDiHL6IqGL7S8oQMvuTNhpa1N8d8gwn_eacPBB60AedM1I5fN_W5vgnZID7L_6Cx6qDbT&amp;__tn__=-UK-R&amp;c[0]=AT0qfzMrnvBKKmV2JcD2tEgiUHgf7xbDxGDIb6pfMlNqzld3GpH7M1nF7RdtDNUPBP2qSVEs5zfnLbcg8sj52jju4RkHg8kSJip39BluLIA7W6AoJD1HCf_O2tdj-JNcAkXKJMiMsDTBitQIjMowXashiYlJWBQFV2AqXwZ5W69GrRxKVXAe27f6YGmwxfgLNEs6eH4aUQVEAe01TO0lYbKL1_A\" target=\"_blank\">isf816-chu.infd.edu.ar<\/a><\/p>\n\n\n\n<figure class=\"wp-block-image is-style-default\"><img decoding=\"async\" src=\"\" alt=\"\"\/><\/figure>\n\n\n\n<p>Todas las reacciones:<\/p>\n\n\n\n<p>11<\/p>\n","protected":false},"excerpt":{"rendered":"<p>La Direcci\u00f3n del Instituto de Educaci\u00f3n Superior N\u00b0 816 de la ciudad de Rawson hace el llamado abierto y p\u00fablico para la cobertura de las siguientes Unidades Curriculares 2025 del PROFESORADO DE EDUCACI\u00d3N SECUNDARIA EN MATEM\u00c1TICA. Formato: Seminario \u2013 Taller R\u00e9gimen de cursada: cuatrimestral. Interino. Ubicaci\u00f3n en el dise\u00f1o curricular: 4\u00b0 a\u00f1o Distribuci\u00f3n de la &#8230; <a title=\"Llamado UC (Prof. Educ. Secundaria en Matem\u00e1tica)\" class=\"read-more\" href=\"https:\/\/isfd816-chu.infd.edu.ar\/sitio\/llamado-uc-prof-educ-secundaria-en-matematica-2\/\" aria-label=\"More on Llamado UC (Prof. Educ. Secundaria en Matem\u00e1tica)\">[+]<\/a><\/p>\n","protected":false},"author":9,"featured_media":2904,"comment_status":"open","ping_status":"open","sticky":false,"template":"","format":"standard","meta":[],"categories":[17,16,39,1],"tags":[128,9,139,76],"acf":[],"_links":{"self":[{"href":"https:\/\/isfd816-chu.infd.edu.ar\/sitio\/wp-json\/wp\/v2\/posts\/3140"}],"collection":[{"href":"https:\/\/isfd816-chu.infd.edu.ar\/sitio\/wp-json\/wp\/v2\/posts"}],"about":[{"href":"https:\/\/isfd816-chu.infd.edu.ar\/sitio\/wp-json\/wp\/v2\/types\/post"}],"author":[{"embeddable":true,"href":"https:\/\/isfd816-chu.infd.edu.ar\/sitio\/wp-json\/wp\/v2\/users\/9"}],"replies":[{"embeddable":true,"href":"https:\/\/isfd816-chu.infd.edu.ar\/sitio\/wp-json\/wp\/v2\/comments?post=3140"}],"version-history":[{"count":1,"href":"https:\/\/isfd816-chu.infd.edu.ar\/sitio\/wp-json\/wp\/v2\/posts\/3140\/revisions"}],"predecessor-version":[{"id":3141,"href":"https:\/\/isfd816-chu.infd.edu.ar\/sitio\/wp-json\/wp\/v2\/posts\/3140\/revisions\/3141"}],"wp:featuredmedia":[{"embeddable":true,"href":"https:\/\/isfd816-chu.infd.edu.ar\/sitio\/wp-json\/wp\/v2\/media\/2904"}],"wp:attachment":[{"href":"https:\/\/isfd816-chu.infd.edu.ar\/sitio\/wp-json\/wp\/v2\/media?parent=3140"}],"wp:term":[{"taxonomy":"category","embeddable":true,"href":"https:\/\/isfd816-chu.infd.edu.ar\/sitio\/wp-json\/wp\/v2\/categories?post=3140"},{"taxonomy":"post_tag","embeddable":true,"href":"https:\/\/isfd816-chu.infd.edu.ar\/sitio\/wp-json\/wp\/v2\/tags?post=3140"}],"curies":[{"name":"wp","href":"https:\/\/api.w.org\/{rel}","templated":true}]}}