{"id":3142,"date":"2025-03-12T20:17:37","date_gmt":"2025-03-12T23:17:37","guid":{"rendered":"https:\/\/isfd816-chu.infd.edu.ar\/sitio\/?p=3142"},"modified":"2025-03-12T20:18:58","modified_gmt":"2025-03-12T23:18:58","slug":"llamado-uc-prof-de-educ-secundaria-en-geografia-2","status":"publish","type":"post","link":"https:\/\/isfd816-chu.infd.edu.ar\/sitio\/llamado-uc-prof-de-educ-secundaria-en-geografia-2\/","title":{"rendered":"Llamado UC (Prof. de Educ. Secundaria en Geograf\u00eda)"},"content":{"rendered":"<figure class=\"wp-block-post-featured-image\"><img width=\"1516\" height=\"966\" src=\"https:\/\/isfd816-chu.infd.edu.ar\/sitio\/wp-content\/uploads\/2024\/10\/Noticias-azul.png\" class=\"attachment-post-thumbnail size-post-thumbnail wp-post-image\" alt=\"\" decoding=\"async\" loading=\"lazy\" srcset=\"https:\/\/isfd816-chu.infd.edu.ar\/sitio\/wp-content\/uploads\/2024\/10\/Noticias-azul.png 1516w, https:\/\/isfd816-chu.infd.edu.ar\/sitio\/wp-content\/uploads\/2024\/10\/Noticias-azul-1000x637.png 1000w, https:\/\/isfd816-chu.infd.edu.ar\/sitio\/wp-content\/uploads\/2024\/10\/Noticias-azul-768x489.png 768w\" sizes=\"(max-width: 1516px) 100vw, 1516px\" \/><\/figure>\n\n\n<p>La Direcci\u00f3n del Instituto de Educaci\u00f3n Superior N\u00b0 816 de la ciudad de Rawson hace el 2do llamado abierto y p\u00fablico para la cobertura de las siguiente unidad curricular del Profesorado de Educaci\u00f3n Secundaria en Geograf\u00eda<\/p>\n\n\n\n<p>1er A\u00f1o<\/p>\n\n\n\n<p><strong>Geograf\u00eda<\/strong> <strong>Econ\u00f3mica<\/strong>: Campo: Formaci\u00f3n Espec\u00edfica. Asignatura. Anual. 3hs. c\u00e1tedra (2hs reloj). Perfil docente: Profesor\/a de Geograf\u00eda \u2013 Licenciado\/a en Geograf\u00eda. Designaci\u00f3n del docente: 4hs horas c\u00e1tedras.<\/p>\n\n\n\n<p>Observaci\u00f3n: se sugiere incorporar <a><\/a>actividades para la Promoci\u00f3n de la Comprensi\u00f3n Lectora y el desarrollo de T\u00e9cnicas de Estudio adecuadas al Nivel y a los contenidos a abordar en la metodolog\u00eda propuesta, en funci\u00f3n del Plan de Alfabetizaci\u00f3n Provincial. <a href=\"https:\/\/chubut.edu.ar\/alfabetizacion\/?fbclid=IwZXh0bgNhZW0CMTAAAR2PQslcXHyT9iqpskySOCVvvOcTsE5S2xX-P0pX7tUEwAHi25sLPf5pzL0_aem_ir7vuOW5E3ygCWFGFg3lAQ\" rel=\"noreferrer noopener\" target=\"_blank\">https:\/\/chubut.edu.ar\/alfabetizacion\/<\/a><\/p>\n\n\n\n<p>Se deber\u00e1 presentar Proyecto en sobre cerrado (modelo de proyecto que figura en la web), Proyecto firmado con un seud\u00f3nimo (excluyente). En el exterior se colocar\u00e1 seud\u00f3nimo y la Unidad Curricular a la cual se presenta, adem\u00e1s, abrochado, un sobre con el mismo seud\u00f3nimo que adentro contendr\u00e1 DNI, CV con el formato que figura en la web (excluyente), certificaciones de servicio y declaraci\u00f3n jurada de horas y cargos, y documentaci\u00f3n respaldatoria (si no consta en el legajo que obra en la instituci\u00f3n).<\/p>\n\n\n\n<p>Finalizaci\u00f3n del llamado: Finalizaci\u00f3n del llamado el d\u00eda lunes 17 de marzo 2025.<\/p>\n\n\n\n<p>Presentar en Administraci\u00f3n, Federicci y Vuelta de Obligado, Escuela 7705, de 19:00 hs a 21:00hs. Consultar Dise\u00f1o curricular, modelos de presentaci\u00f3n de CV y grilla tipo, en la p\u00e1gina web: <a href=\"https:\/\/l.facebook.com\/l.php?u=https%3A%2F%2Fisfd816-chu.infd.edu.ar%2Fsitio%2F%3Ffbclid%3DIwZXh0bgNhZW0CMTAAAR2PQslcXHyT9iqpskySOCVvvOcTsE5S2xX-P0pX7tUEwAHi25sLPf5pzL0_aem_ir7vuOW5E3ygCWFGFg3lAQ&amp;h=AT091CQBimP8XZCT-Y6iMDQjhfqk1W0lhaOOyKMarn6evdAaiGlNew44QFynMy6jvY9jk9io-k-6EpzwxloUwS0G6qcCa_D-op6KY5YvNbNJNjeLzVkI-in4KvLmd6SY6komqp9AdYFkTiaR&amp;__tn__=-UK-R&amp;c[0]=AT3OnxvdVdKLVsfXUUrIe9QDwn-P4aqn8cvbjpdNGF2HhfmT-L5hWOuP2noyP_gNRfJtddkB7sjqIk08DK5jf0-QvhNWR0iS9QTX8S44H0X3IeD5YjbuWcS-ttgCF1RzfNRrBE4uM7x_S7fACbwdhy58yW8PVDPyahZKbVn5w7U_VnizJugbK9iTmDzsUVSJFtdrn40iASEIHJ_OJTM1ThwWtTM\" rel=\"noreferrer noopener\" target=\"_blank\">https:\/\/isfd816-chu.infd.edu.ar\/sitio\/<\/a><\/p>\n","protected":false},"excerpt":{"rendered":"<p>La Direcci\u00f3n del Instituto de Educaci\u00f3n Superior N\u00b0 816 de la ciudad de Rawson hace el 2do llamado abierto y p\u00fablico para la cobertura de las siguiente unidad curricular del Profesorado de Educaci\u00f3n Secundaria en Geograf\u00eda 1er A\u00f1o Geograf\u00eda Econ\u00f3mica: Campo: Formaci\u00f3n Espec\u00edfica. Asignatura. Anual. 3hs. c\u00e1tedra (2hs reloj). Perfil docente: Profesor\/a de Geograf\u00eda \u2013 &#8230; <a title=\"Llamado UC (Prof. de Educ. Secundaria en Geograf\u00eda)\" class=\"read-more\" href=\"https:\/\/isfd816-chu.infd.edu.ar\/sitio\/llamado-uc-prof-de-educ-secundaria-en-geografia-2\/\" aria-label=\"More on Llamado UC (Prof. de Educ. Secundaria en Geograf\u00eda)\">[+]<\/a><\/p>\n","protected":false},"author":9,"featured_media":2926,"comment_status":"open","ping_status":"open","sticky":false,"template":"","format":"standard","meta":[],"categories":[17,16,39,1],"tags":[130,128,9,76],"acf":[],"_links":{"self":[{"href":"https:\/\/isfd816-chu.infd.edu.ar\/sitio\/wp-json\/wp\/v2\/posts\/3142"}],"collection":[{"href":"https:\/\/isfd816-chu.infd.edu.ar\/sitio\/wp-json\/wp\/v2\/posts"}],"about":[{"href":"https:\/\/isfd816-chu.infd.edu.ar\/sitio\/wp-json\/wp\/v2\/types\/post"}],"author":[{"embeddable":true,"href":"https:\/\/isfd816-chu.infd.edu.ar\/sitio\/wp-json\/wp\/v2\/users\/9"}],"replies":[{"embeddable":true,"href":"https:\/\/isfd816-chu.infd.edu.ar\/sitio\/wp-json\/wp\/v2\/comments?post=3142"}],"version-history":[{"count":1,"href":"https:\/\/isfd816-chu.infd.edu.ar\/sitio\/wp-json\/wp\/v2\/posts\/3142\/revisions"}],"predecessor-version":[{"id":3143,"href":"https:\/\/isfd816-chu.infd.edu.ar\/sitio\/wp-json\/wp\/v2\/posts\/3142\/revisions\/3143"}],"wp:featuredmedia":[{"embeddable":true,"href":"https:\/\/isfd816-chu.infd.edu.ar\/sitio\/wp-json\/wp\/v2\/media\/2926"}],"wp:attachment":[{"href":"https:\/\/isfd816-chu.infd.edu.ar\/sitio\/wp-json\/wp\/v2\/media?parent=3142"}],"wp:term":[{"taxonomy":"category","embeddable":true,"href":"https:\/\/isfd816-chu.infd.edu.ar\/sitio\/wp-json\/wp\/v2\/categories?post=3142"},{"taxonomy":"post_tag","embeddable":true,"href":"https:\/\/isfd816-chu.infd.edu.ar\/sitio\/wp-json\/wp\/v2\/tags?post=3142"}],"curies":[{"name":"wp","href":"https:\/\/api.w.org\/{rel}","templated":true}]}}