{"id":3144,"date":"2025-03-12T20:25:59","date_gmt":"2025-03-12T23:25:59","guid":{"rendered":"https:\/\/isfd816-chu.infd.edu.ar\/sitio\/?p=3144"},"modified":"2025-03-12T20:30:13","modified_gmt":"2025-03-12T23:30:13","slug":"llamado-uc-prof-educ-secundaria-en-matematica-y-prof-en-educ-tecnologica","status":"publish","type":"post","link":"https:\/\/isfd816-chu.infd.edu.ar\/sitio\/llamado-uc-prof-educ-secundaria-en-matematica-y-prof-en-educ-tecnologica\/","title":{"rendered":"Llamado UC (Prof. Educ. Secundaria en  Matem\u00e1tica y Prof. en Educ. Tecnol\u00f3gica)"},"content":{"rendered":"<figure class=\"wp-block-post-featured-image\"><img width=\"1480\" height=\"925\" src=\"https:\/\/isfd816-chu.infd.edu.ar\/sitio\/wp-content\/uploads\/2024\/09\/Noticias-Naranja.png\" class=\"attachment-post-thumbnail size-post-thumbnail wp-post-image\" alt=\"\" decoding=\"async\" loading=\"lazy\" srcset=\"https:\/\/isfd816-chu.infd.edu.ar\/sitio\/wp-content\/uploads\/2024\/09\/Noticias-Naranja.png 1480w, https:\/\/isfd816-chu.infd.edu.ar\/sitio\/wp-content\/uploads\/2024\/09\/Noticias-Naranja-1000x625.png 1000w, https:\/\/isfd816-chu.infd.edu.ar\/sitio\/wp-content\/uploads\/2024\/09\/Noticias-Naranja-768x480.png 768w\" sizes=\"(max-width: 1480px) 100vw, 1480px\" \/><\/figure>\n\n\n<p>La Direcci\u00f3n del Instituto de Educaci\u00f3n Superior N\u00b0 816 de la ciudad de Rawson hace el llamado abierto y p\u00fablico para la cobertura de las siguientes Unidades Curriculares para desempe\u00f1o 2025:<\/p>\n\n\n\n<p><strong>Profesorado<\/strong> <strong>de Educaci\u00f3n Secundaria en Matem\u00e1tica<\/strong><\/p>\n\n\n\n<ul>\n<li>Investigaci\u00f3n Educativa<\/li>\n<\/ul>\n\n\n\n<p><a><\/a>Campo: Formaci\u00f3n General Formato: Seminario \u2013 Taller R\u00e9gimen de cursada: Anual. Suplente. Ubicaci\u00f3n en el dise\u00f1o curricular: 3\u00b0 a\u00f1o. Distribuci\u00f3n de la carga horaria: 3hs. C\u00e1tedra. Designaci\u00f3n del docente: 4hs horas c\u00e1tedra<\/p>\n\n\n\n<p>Perfil docente: Se debe conformar una pareja pedag\u00f3gica con un\/a docente que acredite formaci\u00f3n en Investigaci\u00f3n en la Ense\u00f1anza de la Matem\u00e1tica; y un\/a profesional en Ciencias de la Educaci\u00f3n que acredite experiencia en Investigaci\u00f3n Educativa<\/p>\n\n\n\n<p><strong>Profesorado de Educaci\u00f3n Tecnol\u00f3gica<\/strong><\/p>\n\n\n\n<ul>\n<li>Tecnolog\u00eda y Mediaci\u00f3n T\u00e9cnica sobre la Energ\u00eda<\/li>\n<\/ul>\n\n\n\n<p>Campo: Formaci\u00f3n Espec\u00edfica. Formato: Asignatura. R\u00e9gimen de cursada: Anual<\/p>\n\n\n\n<p>Ubicaci\u00f3n en el dise\u00f1o curricular: 2\u00b0 a\u00f1o. Distribuci\u00f3n de la carga horaria: 5hs. C\u00e1tedra. Situaci\u00f3n de revista: suplente<\/p>\n\n\n\n<p>Perfil docente: Profesor\/a de Educaci\u00f3n Tecnol\u00f3gica \/ Tecnolog\u00eda, u otro\/a profesional con formaci\u00f3n y\/o experiencia en el campo de la F\u00edsica<\/p>\n\n\n\n<ul>\n<li>Sistemas de Control<\/li>\n<\/ul>\n\n\n\n<p>Campo: Formaci\u00f3n Espec\u00edfica. Formato: Taller \/ Asignatura.R\u00e9gimen de cursada: Anual. Ubicaci\u00f3n en el dise\u00f1o curricular: 3\u00b0 a\u00f1o. Distribuci\u00f3n de la carga horaria: 5hs. c\u00e1tedra. Situaci\u00f3n de revista: suplente<\/p>\n\n\n\n<p>Perfil docente: Profesor\/a de Educaci\u00f3n Tecnol\u00f3gica \/ Tecnolog\u00eda, u otro profesional con formaci\u00f3n y\/o experiencia en el campo de la Electr\u00f3nica. Se debe priorizar el conocimiento b\u00e1sico sobre programaci\u00f3n y uso de las TIC<\/p>\n\n\n\n<p>Para todas las UC se deber\u00e1 presentar nota de solicitud de adhesi\u00f3n de proyecto a la Unidad Curricular a la cual se presenta, adem\u00e1s, abrochado y CV con el formato que figura en la web (excluyente), certificaciones de servicio y documentaci\u00f3n respaldatoria (si no consta en el legajo que obra en la instituci\u00f3n).<\/p>\n\n\n\n<p>Finalizaci\u00f3n del llamado: 14 de marzo de 2025<\/p>\n\n\n\n<p>Presentar en Administraci\u00f3n, Federicci y Vuelta de Obligado, Escuela 7705, de 19:00 hs a21:00hs.<\/p>\n\n\n\n<p>Consultar Dise\u00f1o curricular, modelos de presentaci\u00f3n de CV y grilla tipo, en la p\u00e1gina web: <a rel=\"noreferrer noopener\" href=\"https:\/\/isfd816-chu.infd.edu.ar\/sitio\/?fbclid=IwZXh0bgNhZW0CMTAAAR2PQslcXHyT9iqpskySOCVvvOcTsE5S2xX-P0pX7tUEwAHi25sLPf5pzL0_aem_ir7vuOW5E3ygCWFGFg3lAQ\" target=\"_blank\">https:\/\/isfd816-chu.infd.edu.ar\/sitio\/<\/a> <\/p>\n\n\n\n<figure class=\"wp-block-image is-style-default\"><img decoding=\"async\" src=\"\" alt=\"\"\/><\/figure>\n\n\n\n<p>Todas las reacciones:<\/p>\n\n\n\n<p><\/p>\n","protected":false},"excerpt":{"rendered":"<p>La Direcci\u00f3n del Instituto de Educaci\u00f3n Superior N\u00b0 816 de la ciudad de Rawson hace el llamado abierto y p\u00fablico para la cobertura de las siguientes Unidades Curriculares para desempe\u00f1o 2025: Profesorado de Educaci\u00f3n Secundaria en Matem\u00e1tica Campo: Formaci\u00f3n General Formato: Seminario \u2013 Taller R\u00e9gimen de cursada: Anual. Suplente. Ubicaci\u00f3n en el dise\u00f1o curricular: 3\u00b0 &#8230; <a title=\"Llamado UC (Prof. Educ. Secundaria en  Matem\u00e1tica y Prof. en Educ. Tecnol\u00f3gica)\" class=\"read-more\" href=\"https:\/\/isfd816-chu.infd.edu.ar\/sitio\/llamado-uc-prof-educ-secundaria-en-matematica-y-prof-en-educ-tecnologica\/\" aria-label=\"More on Llamado UC (Prof. Educ. Secundaria en  Matem\u00e1tica y Prof. en Educ. Tecnol\u00f3gica)\">[+]<\/a><\/p>\n","protected":false},"author":9,"featured_media":2907,"comment_status":"open","ping_status":"open","sticky":false,"template":"","format":"standard","meta":[],"categories":[17,16,39,1],"tags":[128,9,139,19,76],"acf":[],"_links":{"self":[{"href":"https:\/\/isfd816-chu.infd.edu.ar\/sitio\/wp-json\/wp\/v2\/posts\/3144"}],"collection":[{"href":"https:\/\/isfd816-chu.infd.edu.ar\/sitio\/wp-json\/wp\/v2\/posts"}],"about":[{"href":"https:\/\/isfd816-chu.infd.edu.ar\/sitio\/wp-json\/wp\/v2\/types\/post"}],"author":[{"embeddable":true,"href":"https:\/\/isfd816-chu.infd.edu.ar\/sitio\/wp-json\/wp\/v2\/users\/9"}],"replies":[{"embeddable":true,"href":"https:\/\/isfd816-chu.infd.edu.ar\/sitio\/wp-json\/wp\/v2\/comments?post=3144"}],"version-history":[{"count":1,"href":"https:\/\/isfd816-chu.infd.edu.ar\/sitio\/wp-json\/wp\/v2\/posts\/3144\/revisions"}],"predecessor-version":[{"id":3145,"href":"https:\/\/isfd816-chu.infd.edu.ar\/sitio\/wp-json\/wp\/v2\/posts\/3144\/revisions\/3145"}],"wp:featuredmedia":[{"embeddable":true,"href":"https:\/\/isfd816-chu.infd.edu.ar\/sitio\/wp-json\/wp\/v2\/media\/2907"}],"wp:attachment":[{"href":"https:\/\/isfd816-chu.infd.edu.ar\/sitio\/wp-json\/wp\/v2\/media?parent=3144"}],"wp:term":[{"taxonomy":"category","embeddable":true,"href":"https:\/\/isfd816-chu.infd.edu.ar\/sitio\/wp-json\/wp\/v2\/categories?post=3144"},{"taxonomy":"post_tag","embeddable":true,"href":"https:\/\/isfd816-chu.infd.edu.ar\/sitio\/wp-json\/wp\/v2\/tags?post=3144"}],"curies":[{"name":"wp","href":"https:\/\/api.w.org\/{rel}","templated":true}]}}