{"id":3296,"date":"2025-10-24T22:02:51","date_gmt":"2025-10-25T01:02:51","guid":{"rendered":"https:\/\/isfd816-chu.infd.edu.ar\/sitio\/?p=3296"},"modified":"2025-10-24T22:02:52","modified_gmt":"2025-10-25T01:02:52","slug":"llamado-para-cubrir-cargo-responsable-recursos-tecnologicos","status":"publish","type":"post","link":"https:\/\/isfd816-chu.infd.edu.ar\/sitio\/llamado-para-cubrir-cargo-responsable-recursos-tecnologicos\/","title":{"rendered":"Llamado para cubrir cargo Responsable Recursos Tecnol\u00f3gicos"},"content":{"rendered":"\n<p>En Rawson a los 21 d\u00edas del mes de octubre de 2025 la direcci\u00f3n del IES N\u00b0 816 hace el llamado abierto y p\u00fablico para la cobertura del siguiente cargo:<\/p>\n\n\n\n<p>&nbsp;RESPONSABLE DE CENTRO DE RECURSOS TECNOL\u00d3GICOS<\/p>\n\n\n\n<p>&nbsp;Titular. 20 hs reloj. Las funciones del responsable de centro de recursos tecnol\u00f3gicos, se encuentran descriptas en el art\u00edculo N\u00b0 72 del ROM.<\/p>\n\n\n\n<p>&nbsp;-Requisitos: Poseer titulo de nivel superior y formaci\u00f3n espec\u00edfica para el \u00e1rea. Poseer antecedentes profesionales acordes al cargo que se concursa. Estar habilitados\/as para desempe\u00f1ar cargos p\u00fablicos.<\/p>\n\n\n\n<p>&nbsp;-Presentaci\u00f3n: Se deber\u00e1 presentar un Plan de trabajo con acciones vinculadas a sus funciones.<\/p>\n\n\n\n<p>\u00a0Presentar Plan de trabajo (ver modelo de plan de trabajo) en sobre cerrado firmado con un seud\u00f3nimo (excluyente). En el exterior se colocar\u00e1 seud\u00f3nimo y el cargo al cual se presenta, adem\u00e1s, abrochado, un sobre cerrado con el mismo seud\u00f3nimo que adentro contendr\u00e1 DNI, CV con el formato que figura en la web (excluyente), certificaciones de servicio y declaraci\u00f3n jurada de horas y cargos, y documentaci\u00f3n respaldatoria. <\/p>\n\n\n\n<p><a href=\"https:\/\/isfd816-chu.infd.edu.ar\/sitio\/rom-de-ies-816\/\" data-type=\"URL\" data-id=\"https:\/\/isfd816-chu.infd.edu.ar\/sitio\/rom-de-ies-816\/\" target=\"_blank\" rel=\"noreferrer noopener\">ROM<\/a> <\/p>\n\n\n\n<p><a href=\"https:\/\/drive.google.com\/file\/d\/1xTDyXqzG84VxXOwY_GUb199xJgCPolPV\/view?usp=drive_link\" data-type=\"URL\" data-id=\"https:\/\/drive.google.com\/file\/d\/1xTDyXqzG84VxXOwY_GUb199xJgCPolPV\/view?usp=drive_link\" target=\"_blank\" rel=\"noreferrer noopener\">Modelo Plan de Trabajo: <\/a><\/p>\n\n\n\n<p>&nbsp;Finalizaci\u00f3n del llamado: lunes 27 de octubre de 2025. Presentar en Federicci y Vuelta de Obligado, Escuela N\u00b07705, de 19:00 horas a 21:00 horas.<\/p>\n\n\n\n<p>&nbsp;Consultar el ROM, modelos de presentaci\u00f3n de CV y grilla tipo, en la p\u00e1gina web: isfd816-chu.infd.edu.ar<\/p>\n","protected":false},"excerpt":{"rendered":"<p>En Rawson a los 21 d\u00edas del mes de octubre de 2025 la direcci\u00f3n del IES N\u00b0 816 hace el llamado abierto y p\u00fablico para la cobertura del siguiente cargo: &nbsp;RESPONSABLE DE CENTRO DE RECURSOS TECNOL\u00d3GICOS &nbsp;Titular. 20 hs reloj. Las funciones del responsable de centro de recursos tecnol\u00f3gicos, se encuentran descriptas en el art\u00edculo &#8230; <a title=\"Llamado para cubrir cargo Responsable Recursos Tecnol\u00f3gicos\" class=\"read-more\" href=\"https:\/\/isfd816-chu.infd.edu.ar\/sitio\/llamado-para-cubrir-cargo-responsable-recursos-tecnologicos\/\" aria-label=\"More on Llamado para cubrir cargo Responsable Recursos Tecnol\u00f3gicos\">[+]<\/a><\/p>\n","protected":false},"author":9,"featured_media":0,"comment_status":"open","ping_status":"open","sticky":false,"template":"","format":"standard","meta":[],"categories":[1],"tags":[],"acf":[],"_links":{"self":[{"href":"https:\/\/isfd816-chu.infd.edu.ar\/sitio\/wp-json\/wp\/v2\/posts\/3296"}],"collection":[{"href":"https:\/\/isfd816-chu.infd.edu.ar\/sitio\/wp-json\/wp\/v2\/posts"}],"about":[{"href":"https:\/\/isfd816-chu.infd.edu.ar\/sitio\/wp-json\/wp\/v2\/types\/post"}],"author":[{"embeddable":true,"href":"https:\/\/isfd816-chu.infd.edu.ar\/sitio\/wp-json\/wp\/v2\/users\/9"}],"replies":[{"embeddable":true,"href":"https:\/\/isfd816-chu.infd.edu.ar\/sitio\/wp-json\/wp\/v2\/comments?post=3296"}],"version-history":[{"count":1,"href":"https:\/\/isfd816-chu.infd.edu.ar\/sitio\/wp-json\/wp\/v2\/posts\/3296\/revisions"}],"predecessor-version":[{"id":3297,"href":"https:\/\/isfd816-chu.infd.edu.ar\/sitio\/wp-json\/wp\/v2\/posts\/3296\/revisions\/3297"}],"wp:attachment":[{"href":"https:\/\/isfd816-chu.infd.edu.ar\/sitio\/wp-json\/wp\/v2\/media?parent=3296"}],"wp:term":[{"taxonomy":"category","embeddable":true,"href":"https:\/\/isfd816-chu.infd.edu.ar\/sitio\/wp-json\/wp\/v2\/categories?post=3296"},{"taxonomy":"post_tag","embeddable":true,"href":"https:\/\/isfd816-chu.infd.edu.ar\/sitio\/wp-json\/wp\/v2\/tags?post=3296"}],"curies":[{"name":"wp","href":"https:\/\/api.w.org\/{rel}","templated":true}]}}