{"id":905,"date":"2018-09-13T09:15:59","date_gmt":"2018-09-13T12:15:59","guid":{"rendered":"https:\/\/isfd816-chu.infd.edu.ar\/sitio\/?p=905"},"modified":"2018-09-14T21:20:14","modified_gmt":"2018-09-15T00:20:14","slug":"llamado-udc","status":"publish","type":"post","link":"https:\/\/isfd816-chu.infd.edu.ar\/sitio\/llamado-udc\/","title":{"rendered":"Llamado UDC"},"content":{"rendered":"<h1><strong>Nuevo Llamado Docente!<\/strong><\/h1>\n<p>La Direcci\u00f3n del Instituto de Educaci\u00f3n Superior n\u00ba 816 de la Ciudad de Rawson, hace el llamado, abierto y p\u00fablico para la cobertura de:<\/p>\n<h2><strong>PROFESORADO DE EDUCACI\u00d3N ESPECIAL CON ORIENTACI\u00d3N EN DISCAPACIDAD INTELECTUAL<\/strong><\/h2>\n<div class=\"text_exposed_show\">3 A\u00f1o<br \/>\n<strong>LENGUA LITERATURA Y SU DID\u00c1CTICA II,<\/strong> 5 hrs, Anual. Suplente. Perfil &#8211; Maestro de educaci\u00f3n especial con orientaci\u00f3n en discapacidad intelectual para pareja pedag\u00f3gica de profesor o licenciado en letras. Presentar CV, documentaci\u00f3n respaldatoria y nota Adhesi\u00f3n al proyecto vigente.<br \/>\n2do<br \/>\n<strong>EDUCACI\u00d3N TECNOL\u00d3GICA Y SU DID\u00c1CTICA<\/strong>, 4 horas. Cuatrimestral. Suplente. perfil Maestro en educaci\u00f3n especial con orientaci\u00f3n en discapacidad intelectual para conformar pareja pedag\u00f3gica con prof en tecnolog\u00eda. Presentar CV, documentaci\u00f3n respaldatoria y nota Adhesi\u00f3n al proyecto vigente.<br \/>\nFecha: <strong>hasta Jueves 13 de Septiembre<\/strong>, de 19 a 21 hs. \u2013 lugar: Secretar\u00eda Administrativa del Instituto sita en Federicci y Vuelta de obligado, Barrio San Pablo. Escuela n\u00b0 7705. consultas: ies816rw@gmail.com.<br \/>\nConsultar Dise\u00f1os curriculares, en la p\u00e1gina web isfd816.chu.infd.edu.ar.<\/div>\n","protected":false},"excerpt":{"rendered":"<p>Nuevo Llamado Docente! La Direcci\u00f3n del Instituto de Educaci\u00f3n Superior n\u00ba 816 de la Ciudad de Rawson, hace el llamado, abierto y p\u00fablico para la cobertura de: PROFESORADO DE EDUCACI\u00d3N ESPECIAL CON ORIENTACI\u00d3N EN DISCAPACIDAD INTELECTUAL 3 A\u00f1o LENGUA LITERATURA Y SU DID\u00c1CTICA II, 5 hrs, Anual. Suplente. Perfil &#8211; Maestro de educaci\u00f3n especial con &#8230; <a title=\"Llamado UDC\" class=\"read-more\" href=\"https:\/\/isfd816-chu.infd.edu.ar\/sitio\/llamado-udc\/\" aria-label=\"More on Llamado UDC\">[+]<\/a><\/p>\n","protected":false},"author":9,"featured_media":1038,"comment_status":"closed","ping_status":"open","sticky":false,"template":"","format":"standard","meta":[],"categories":[17],"tags":[21,20],"acf":[],"_links":{"self":[{"href":"https:\/\/isfd816-chu.infd.edu.ar\/sitio\/wp-json\/wp\/v2\/posts\/905"}],"collection":[{"href":"https:\/\/isfd816-chu.infd.edu.ar\/sitio\/wp-json\/wp\/v2\/posts"}],"about":[{"href":"https:\/\/isfd816-chu.infd.edu.ar\/sitio\/wp-json\/wp\/v2\/types\/post"}],"author":[{"embeddable":true,"href":"https:\/\/isfd816-chu.infd.edu.ar\/sitio\/wp-json\/wp\/v2\/users\/9"}],"replies":[{"embeddable":true,"href":"https:\/\/isfd816-chu.infd.edu.ar\/sitio\/wp-json\/wp\/v2\/comments?post=905"}],"version-history":[{"count":18,"href":"https:\/\/isfd816-chu.infd.edu.ar\/sitio\/wp-json\/wp\/v2\/posts\/905\/revisions"}],"predecessor-version":[{"id":1043,"href":"https:\/\/isfd816-chu.infd.edu.ar\/sitio\/wp-json\/wp\/v2\/posts\/905\/revisions\/1043"}],"wp:featuredmedia":[{"embeddable":true,"href":"https:\/\/isfd816-chu.infd.edu.ar\/sitio\/wp-json\/wp\/v2\/media\/1038"}],"wp:attachment":[{"href":"https:\/\/isfd816-chu.infd.edu.ar\/sitio\/wp-json\/wp\/v2\/media?parent=905"}],"wp:term":[{"taxonomy":"category","embeddable":true,"href":"https:\/\/isfd816-chu.infd.edu.ar\/sitio\/wp-json\/wp\/v2\/categories?post=905"},{"taxonomy":"post_tag","embeddable":true,"href":"https:\/\/isfd816-chu.infd.edu.ar\/sitio\/wp-json\/wp\/v2\/tags?post=905"}],"curies":[{"name":"wp","href":"https:\/\/api.w.org\/{rel}","templated":true}]}}